{"id":102,"date":"2022-07-24T20:01:40","date_gmt":"2022-07-24T20:01:40","guid":{"rendered":"https:\/\/paveldopita.cz\/?p=102"},"modified":"2022-07-24T20:02:03","modified_gmt":"2022-07-24T20:02:03","slug":"mimoradne-zastupitelstvo","status":"publish","type":"post","link":"https:\/\/paveldopita.cz\/index.php\/2022\/07\/24\/mimoradne-zastupitelstvo\/","title":{"rendered":"Mimo\u0159\u00e1dn\u00e9 zastupitelstvo"},"content":{"rendered":"\n<p>31. mimo\u0159\u00e1dn\u00e9 zastupitelstvo, kde hlavn\u00edm t\u00e9matem bude V. zm\u011bna \u00fazemn\u00edho. pl\u00e1nu bylo zah\u00e1jeno. Zde ocituji m\u016fj p\u0159\u00edsp\u011bvek, se kter\u00fdm vystoup\u00edm, a kter\u00fd vyjad\u0159uje n\u00e1zor zastupitelsk\u00e9ho klubu SPD:Aktu\u00e1ln\u011b navr\u017een\u00e9 sta\u017een\u00ed a p\u0159ehodnocen\u00ed p\u0159edlo\u017een\u00e9ho materi\u00e1lu, zejm\u00e9na zm\u011bn v oblasti soused\u00edc\u00ed s biokoridorem Hlou\u010dela, pova\u017eujeme za vst\u0159\u00edcn\u00fd krok nejen v r\u00e1mci politick\u00e9 diskuze, ale zejm\u00e9na sm\u011brem k ob\u010dan\u016fm.N\u00e1\u0161 zastupitelsk\u00fd klub tyto procesy dlouhodob\u011b pozorn\u011b sleduje a vydali jsme i n\u011bkolik vyj\u00e1d\u0159en\u00ed na soci\u00e1ln\u00edch s\u00edt\u00edch i v tisku. Zde si dovol\u00edm citovat z lednov\u00fdch radni\u010dn\u00edch list\u016f. \u201e\u2026 ud\u00e1lost\u00ed, kter\u00e1 zah\u00fdbe Prost\u011bjovem, bude 5. zm\u011bna \u00fazemn\u00edho pl\u00e1nu. Nejv\u00edce diskutovan\u00fd bude pozemek mezi nemocnic\u00ed a Hlou\u010delou, tedy Zadn\u00ed tr\u00e1vn\u00edky, kde je navr\u017eena zm\u011bna ze zelen\u00e9 plochy na plochu sm\u00ed\u0161enou, pro v\u00fdstavbu rodinn\u00fdch domk\u016f. Zkus\u00edm st\u0159\u00edzliv\u00fd pohled na v\u011bc. Na jedn\u00e9 stran\u011b se v \u201889 vy\u010d\u00edtalo, \u017ee komunist\u00e9 nahnali lidi do kr\u00e1l\u00edk\u00e1ren (kter\u00e9 dnes stoj\u00ed miliony), na stran\u011b druh\u00e9 se tak hled\u00e1 prostor pro v\u00fdstavbu domk\u016f, d\u00e1no i t\u00edm, jak jsou lid\u00e9 bohat\u0161\u00ed, aby mohli d\u00e1l rozv\u00edjet sv\u00e1 p\u0159\u00e1n\u00ed. A co ty kr\u00e1l\u00edk\u00e1rny? Kdyby nebyly tak drah\u00e9, mohly by z mnoh\u00fdch z nich b\u00fdt startovac\u00ed byty. Dostatek bydlen\u00ed povede ke sn\u00ed\u017een\u00ed jejich ceny. Te\u010f jde o to, aby na\u0161e rozp\u00ednavost byla v souladu s p\u0159\u00edrodou. Nyn\u00ed to vid\u00edme t\u0159eba ve Vrahovic\u00edch v Losc\u00edch, v Dr\u017eovic\u00edch na Pansk\u00fdch d\u00edlech a i jinde. Jak z toho ven? Po dohod\u011b zastupitelsk\u00e9ho klubu SPD akceptujeme takov\u00fd n\u00e1vrh, kter\u00fd roz\u0161\u00ed\u0159\u00ed biokoridor Hlou\u010dela v lokalit\u011b Zadn\u00edch tr\u00e1vn\u00edk\u016f na 60 &#8211; 80 m od st\u00e1vaj\u00edc\u00ed cyklostezky, a zde bude provedena parkov\u00e1 \u00faprava s volno\u010dasov\u00fdmi prvky. S t\u00edm, \u017ee \u0161est\u00e1 \u010di dal\u0161\u00ed zm\u011bna \u00fazemn\u00edho pl\u00e1nu toto ji\u017e nezm\u011bn\u00ed. \u010c\u00e1st mezi takto roz\u0161\u00ed\u0159en\u00fdm biokoridorem a nemocnic\u00ed p\u0159ev\u00e9st na sm\u00ed\u0161enou plochu pro v\u00fdstavbu n\u00edzk\u00fdch rodinn\u00fdch domk\u016f s povinn\u00fdm pod\u00edlem zelen\u011b.&#8220; Na toto jsme nav\u00e1zali v b\u0159eznov\u00e9m \u010d\u00edsle, op\u011bt cituji: \u201e\u2026 \u017ehav\u00fdm t\u00e9matem je V. zm\u011bna \u00fazemn\u00edho pl\u00e1nu. Zaj\u00edm\u00e1 n\u00e1s v\u00e1\u0161 n\u00e1zor, napi\u0161te n\u00e1m. Z lednov\u00e9ho \u010d\u00edsla v\u00edte, \u017ee n\u00e1vrh zastupitelsk\u00e9ho klubu SPD je n\u00e1sleduj\u00edc\u00ed. Roz\u0161\u00ed\u0159it biokoridor Hlou\u010dela od st\u00e1vaj\u00edc\u00ed cyklostezky sm\u011brem k z\u00e1stavb\u011b, vybudovat zde park s prvky pro volno\u010dasov\u00e9 aktivity a na zbytku odsouhlasit zm\u011bnu pro zastav\u011bn\u00ed. V\u0161e je o jedn\u00e1n\u00ed a vz\u00e1jemn\u00fdch \u00fastupc\u00edch.\u201cT\u00edmto d\u011bkuji v\u0161em, kte\u0159\u00ed n\u00e1m napsali a podporuj\u00ed n\u00e1\u0161 n\u00e1vrh.Jsme proto r\u00e1di, \u017ee i n\u00e1\u0161 apel byl vysly\u0161en a nyn\u00ed bude prostor k jedn\u00e1n\u00ed ve prosp\u011bch ob\u010dan\u016f. P\u0159i schv\u00e1len\u00ed p\u016fvodn\u00ed verze hrozilo, \u017ee v t\u011bsn\u00e9 bl\u00edzkosti biokoridoru Hlou\u010dela vyrostou v Prost\u011bjov\u011b tolik popul\u00e1rn\u00ed betonov\u00e9 ploty, kter\u00e9 danou lokalitu znehodnot\u00ed, a proch\u00e1zeli bychom se kolem nevzhledn\u00e9ho betonu, jak zn\u00e1me odjinud. Sou\u010dasn\u011b jsme navrhovali a i nad\u00e1le navrhujeme se pod\u00edvat na cel\u00fd biokoridor jako celek, tedy nejenom prav\u00fd b\u0159eh s cyklostezkou, kde je mo\u017en\u00e9 uva\u017eovat o do jist\u00e9 m\u00edry parkov\u00e9 form\u011b, ale i lev\u00fd, kter\u00fd by mohl b\u00fdt zachov\u00e1n v p\u0159\u00edrodn\u00ed divok\u00e9 form\u011b.Z\u00e1v\u011brem jedno pod\u011bkov\u00e1n\u00ed ke zm\u011bn\u00e1m v jin\u00e9 \u010d\u00e1sti m\u011bsta. Jsme r\u00e1di za n\u00e1vrh a vizualizaci \u00fapravy prostoru u soutoku Hlou\u010dele a Rom\u017ee, kde se v budoucnu mimo park pl\u00e1nuje vybudov\u00e1n\u00ed cyklostezky na Vrb\u00e1tky.<\/p>\n\n\n\n<figure class=\"wp-block-image\"><img src=\"https:\/\/scontent-prg1-1.xx.fbcdn.net\/v\/t39.30808-6\/279080254_5187381564655050_5028996189561169460_n.jpg?_nc_cat=101&amp;ccb=1-7&amp;_nc_sid=730e14&amp;_nc_ohc=Rf3QY9q8dSwAX_-FimR&amp;_nc_ht=scontent-prg1-1.xx&amp;oh=00_AT8AI1HuH0aNBn6UTxMz5OsGfRcTas6IUZUpcz-l07hUBA&amp;oe=62E361CB\" alt=\"M\u016f\u017ee j\u00edt o obr\u00e1zek 2 lidem , stoj\u00edc\u00edm lidem a venkovn\u00edmu\"\/><\/figure>\n","protected":false},"excerpt":{"rendered":"<p>31. mimo\u0159\u00e1dn\u00e9 zastupitelstvo, kde hlavn\u00edm t\u00e9matem bude V. zm\u011bna \u00fazemn\u00edho. pl\u00e1nu bylo zah\u00e1jeno. Zde ocituji m\u016fj p\u0159\u00edsp\u011bvek, se kter\u00fdm vystoup\u00edm,&hellip; <a class=\"read-more\" href=\"https:\/\/paveldopita.cz\/index.php\/2022\/07\/24\/mimoradne-zastupitelstvo\/\">Pokra\u010dovat ve \u010dten\u00ed<\/a><\/p>\n","protected":false},"author":1,"featured_media":104,"comment_status":"closed","ping_status":"","sticky":false,"template":"","format":"standard","meta":[],"categories":[1],"tags":[],"_links":{"self":[{"href":"https:\/\/paveldopita.cz\/index.php\/wp-json\/wp\/v2\/posts\/102"}],"collection":[{"href":"https:\/\/paveldopita.cz\/index.php\/wp-json\/wp\/v2\/posts"}],"about":[{"href":"https:\/\/paveldopita.cz\/index.php\/wp-json\/wp\/v2\/types\/post"}],"author":[{"embeddable":true,"href":"https:\/\/paveldopita.cz\/index.php\/wp-json\/wp\/v2\/users\/1"}],"replies":[{"embeddable":true,"href":"https:\/\/paveldopita.cz\/index.php\/wp-json\/wp\/v2\/comments?post=102"}],"version-history":[{"count":1,"href":"https:\/\/paveldopita.cz\/index.php\/wp-json\/wp\/v2\/posts\/102\/revisions"}],"predecessor-version":[{"id":103,"href":"https:\/\/paveldopita.cz\/index.php\/wp-json\/wp\/v2\/posts\/102\/revisions\/103"}],"wp:featuredmedia":[{"embeddable":true,"href":"https:\/\/paveldopita.cz\/index.php\/wp-json\/wp\/v2\/media\/104"}],"wp:attachment":[{"href":"https:\/\/paveldopita.cz\/index.php\/wp-json\/wp\/v2\/media?parent=102"}],"wp:term":[{"taxonomy":"category","embeddable":true,"href":"https:\/\/paveldopita.cz\/index.php\/wp-json\/wp\/v2\/categories?post=102"},{"taxonomy":"post_tag","embeddable":true,"href":"https:\/\/paveldopita.cz\/index.php\/wp-json\/wp\/v2\/tags?post=102"}],"curies":[{"name":"wp","href":"https:\/\/api.w.org\/{rel}","templated":true}]}}