{"id":111,"date":"2022-07-24T20:09:10","date_gmt":"2022-07-24T20:09:10","guid":{"rendered":"https:\/\/paveldopita.cz\/?p=111"},"modified":"2022-07-24T20:10:09","modified_gmt":"2022-07-24T20:10:09","slug":"na-bezpecnosti-nasich-spoluobcanu-nam-zalezi","status":"publish","type":"post","link":"https:\/\/paveldopita.cz\/index.php\/2022\/07\/24\/na-bezpecnosti-nasich-spoluobcanu-nam-zalezi\/","title":{"rendered":"Na bezpe\u010dnosti na\u0161ich spoluob\u010dan\u016f n\u00e1m z\u00e1le\u017e\u00ed."},"content":{"rendered":"\n<p>Aktu\u00e1ln\u00ed \u010dl\u00e1nek v Radni\u010dn\u00edch listech. Bezpe\u010dnost v ulic\u00edch Prost\u011bjova bude jedn\u00edm ze \u017ehav\u00fdch t\u00e9mat p\u0159edvolebn\u00ed kampan\u011b. M\u00e1me s n\u00ed s Martin K\u0159upka dlouhodob\u00e9 zku\u0161enosti. Jen tu reklamu vpravo dole jsem nahradil aktu\u00e1ln\u00edm t\u00e9matem. D\u00edky neschopnosti sou\u010dasn\u00e9 vl\u00e1dy, kter\u00e1 vylo\u017een\u011b \u0161kod\u00ed na\u0161im ob\u010dan\u016fm, p\u0159edpokl\u00e1d\u00e1m, \u017ee volby budou i referendem o vl\u00e1d\u011b a stran\u00e1ch p\u011btikoalice. Mysl\u00edm si, \u017ee jak na\u0161i ob\u010dan\u00e9 dostanou vy\u00fa\u010dtov\u00e1n\u00ed za plyn, zm\u011bn\u00ed pohled na celou situaci.<\/p>\n\n\n\n<figure class=\"wp-block-image\"><img src=\"https:\/\/scontent-prg1-1.xx.fbcdn.net\/v\/t39.30808-6\/279508578_5206726486053891_5332272966737732455_n.jpg?_nc_cat=103&amp;ccb=1-7&amp;_nc_sid=730e14&amp;_nc_ohc=QCLZ-YKgyn8AX_DohOQ&amp;_nc_ht=scontent-prg1-1.xx&amp;oh=00_AT85m1seG3Rbz343uZjYzFCw973GAghwtdccQbVaS1YXpw&amp;oe=62E312D6\" alt=\"M\u016f\u017ee j\u00edt o obr\u00e1zek 2 lidem a text that says 'Prostejovsk\u00e9 radni\u010dni listy WWW.PROSTEJOV.EU N\u00e1zory, koment\u00e1re, informace bezpe\u010dnosti na\u0161ich \u00dbolub n\u00e1m z\u00e1le\u017e\u00ed na\u0161ich spoluob\u010da- mame kter\u00e9 did V\u00e8rime v\u0161ech mu\u017ee Vrahovick\u00e1, predev\u0161im obyvatel\u00e9 ulice Doln\u00ed yjadruji zdravotn\u00edch INZERCE zastupitel Dopita, toute PODZIMN\u00cd KOMUN\u00c1LN\u00cd VOLBY NEBUDOU POUZE 0 OBC\u00cdCH, BUDOU REFERENDEM VL\u00c1DE! Povinnost\u00ed vl\u00e1dyj chr\u00e1nit lidi, ridit jizde kritickyc IN7ERCE \u017eivoty.&quot; neboli Ozyvaji n\u00e1m CENZURA JE PRVN\u00cd SESTROU DIKTATURY, KE KTER\u00c9 SE UCHYLUJE POUZE SLAB\u00c1 VL\u00c1DA BEZ PODPORY OB\u010cAN\u1ee6.'\"\/><\/figure>\n","protected":false},"excerpt":{"rendered":"<p>Aktu\u00e1ln\u00ed \u010dl\u00e1nek v Radni\u010dn\u00edch listech. Bezpe\u010dnost v ulic\u00edch Prost\u011bjova bude jedn\u00edm ze \u017ehav\u00fdch t\u00e9mat p\u0159edvolebn\u00ed kampan\u011b. M\u00e1me s n\u00ed s&hellip; <a class=\"read-more\" href=\"https:\/\/paveldopita.cz\/index.php\/2022\/07\/24\/na-bezpecnosti-nasich-spoluobcanu-nam-zalezi\/\">Pokra\u010dovat ve \u010dten\u00ed<\/a><\/p>\n","protected":false},"author":1,"featured_media":113,"comment_status":"closed","ping_status":"","sticky":false,"template":"","format":"standard","meta":[],"categories":[1],"tags":[],"_links":{"self":[{"href":"https:\/\/paveldopita.cz\/index.php\/wp-json\/wp\/v2\/posts\/111"}],"collection":[{"href":"https:\/\/paveldopita.cz\/index.php\/wp-json\/wp\/v2\/posts"}],"about":[{"href":"https:\/\/paveldopita.cz\/index.php\/wp-json\/wp\/v2\/types\/post"}],"author":[{"embeddable":true,"href":"https:\/\/paveldopita.cz\/index.php\/wp-json\/wp\/v2\/users\/1"}],"replies":[{"embeddable":true,"href":"https:\/\/paveldopita.cz\/index.php\/wp-json\/wp\/v2\/comments?post=111"}],"version-history":[{"count":1,"href":"https:\/\/paveldopita.cz\/index.php\/wp-json\/wp\/v2\/posts\/111\/revisions"}],"predecessor-version":[{"id":112,"href":"https:\/\/paveldopita.cz\/index.php\/wp-json\/wp\/v2\/posts\/111\/revisions\/112"}],"wp:featuredmedia":[{"embeddable":true,"href":"https:\/\/paveldopita.cz\/index.php\/wp-json\/wp\/v2\/media\/113"}],"wp:attachment":[{"href":"https:\/\/paveldopita.cz\/index.php\/wp-json\/wp\/v2\/media?parent=111"}],"wp:term":[{"taxonomy":"category","embeddable":true,"href":"https:\/\/paveldopita.cz\/index.php\/wp-json\/wp\/v2\/categories?post=111"},{"taxonomy":"post_tag","embeddable":true,"href":"https:\/\/paveldopita.cz\/index.php\/wp-json\/wp\/v2\/tags?post=111"}],"curies":[{"name":"wp","href":"https:\/\/api.w.org\/{rel}","templated":true}]}}