{"id":114,"date":"2022-07-25T18:48:15","date_gmt":"2022-07-25T18:48:15","guid":{"rendered":"https:\/\/paveldopita.cz\/?p=114"},"modified":"2022-07-25T18:51:29","modified_gmt":"2022-07-25T18:51:29","slug":"vyroci-osvobozeni","status":"publish","type":"post","link":"https:\/\/paveldopita.cz\/index.php\/2022\/07\/25\/vyroci-osvobozeni\/","title":{"rendered":"V\u00fdro\u010d\u00ed osvobozen\u00ed"},"content":{"rendered":"\n<p>Nev\u00edm jak pro v\u00e1s, ale pro mne v\u017edy byl a bude konec v\u00e1lky a\u017e 9.5. Nejen, \u017ee v tu dobu dojely rusk\u00e9 tanky do Prahy, ale skon\u010dila v\u00e1lka i u n\u00e1s na Han\u00e9. Jednou z epizod byla i nejv\u011bt\u0161\u00ed tankov\u00e1 bitva u n\u00e1s a sou\u010dasn\u011b posledn\u00ed velk\u00e1 tankov\u00e1 bitva 2. sv\u011btov\u00e9 v\u00e1lky. Jak to popsal pam\u011btn\u00edk: \u201eV boj\u00edch o vrchol Skalky zahynulo p\u0159es 300 sov\u011btsk\u00fdch voj\u00e1k\u016f, 150 Rumun\u016f, 10 \u010cechoslov\u00e1k\u016f a p\u0159es 500 N\u011bmc\u016f. Zni\u010deno bylo 40 sov\u011btsk\u00fdch a 30 n\u011bmeck\u00fdch tank\u016f a samohybn\u00fdch d\u011bl.\u201c Proto jsme si pro dne\u0161n\u00ed uct\u011bn\u00ed pam\u00e1tky padl\u00fdch hrdin\u016f, p\u0159i osvobozov\u00e1n\u00ed na\u0161\u00ed zem\u011b, vybrali pomn\u00ed\u010dek ve Skalce. Te\u010f odbo\u010d\u00edm, ale je to vlastn\u011b hlavn\u00ed my\u0161lenka. Jsem r\u00e1d, \u017ee jsem \u010dlenem t\u00e9to \u00fa\u017easn\u00e9 party lid\u00ed, kterou vid\u00edte na fotografi\u00edch, a kter\u00e1 m\u00e1 rozumn\u00fd pohled na sv\u011bt a nep\u0159evrac\u00ed historii. A vlaje jim nad hlavou jenom jedna vlajka. Ta nejkr\u00e1sn\u011bj\u0161\u00ed <img loading=\"lazy\" height=\"16\" width=\"16\" alt=\"\u2764\" src=\"https:\/\/static.xx.fbcdn.net\/images\/emoji.php\/v9\/ted\/2\/16\/2764.png\"> . A ten \u0161e\u0159\u00edk? Um\u00edte si p\u0159edstavit lep\u0161\u00ed kyti\u010dku v tento den? <img loading=\"lazy\" height=\"16\" width=\"16\" alt=\"\ud83d\ude09\" src=\"https:\/\/static.xx.fbcdn.net\/images\/emoji.php\/v9\/tf6\/2\/16\/1f609.png\"> PS. Kdo pozn\u00e1, kde stoj\u00ed rudoarm\u011bjec z druh\u00e9 \u010d\u00e1sti?<\/p>\n\n\n\n<figure class=\"wp-block-image\"><img src=\"https:\/\/scontent-prg1-1.xx.fbcdn.net\/v\/t39.30808-6\/280286711_5224259470967259_2251702780390634631_n.jpg?_nc_cat=107&amp;ccb=1-7&amp;_nc_sid=730e14&amp;_nc_ohc=u4nwLHdfEKMAX80fmqo&amp;_nc_ht=scontent-prg1-1.xx&amp;oh=00_AT9b4giEv0zcygah5o1qP9V0NXShFoNofBqi-5RpuJxjIw&amp;oe=62E3685C\" alt=\"M\u016f\u017ee j\u00edt o obr\u00e1zek 8 lidem , stoj\u00edc\u00edm lidem , kv\u011btin\u011b a venkovn\u00edmu\"\/><\/figure>\n","protected":false},"excerpt":{"rendered":"<p>Nev\u00edm jak pro v\u00e1s, ale pro mne v\u017edy byl a bude konec v\u00e1lky a\u017e 9.5. Nejen, \u017ee v tu dobu&hellip; <a class=\"read-more\" href=\"https:\/\/paveldopita.cz\/index.php\/2022\/07\/25\/vyroci-osvobozeni\/\">Pokra\u010dovat ve \u010dten\u00ed<\/a><\/p>\n","protected":false},"author":1,"featured_media":117,"comment_status":"closed","ping_status":"","sticky":false,"template":"","format":"standard","meta":[],"categories":[1],"tags":[],"_links":{"self":[{"href":"https:\/\/paveldopita.cz\/index.php\/wp-json\/wp\/v2\/posts\/114"}],"collection":[{"href":"https:\/\/paveldopita.cz\/index.php\/wp-json\/wp\/v2\/posts"}],"about":[{"href":"https:\/\/paveldopita.cz\/index.php\/wp-json\/wp\/v2\/types\/post"}],"author":[{"embeddable":true,"href":"https:\/\/paveldopita.cz\/index.php\/wp-json\/wp\/v2\/users\/1"}],"replies":[{"embeddable":true,"href":"https:\/\/paveldopita.cz\/index.php\/wp-json\/wp\/v2\/comments?post=114"}],"version-history":[{"count":1,"href":"https:\/\/paveldopita.cz\/index.php\/wp-json\/wp\/v2\/posts\/114\/revisions"}],"predecessor-version":[{"id":115,"href":"https:\/\/paveldopita.cz\/index.php\/wp-json\/wp\/v2\/posts\/114\/revisions\/115"}],"wp:featuredmedia":[{"embeddable":true,"href":"https:\/\/paveldopita.cz\/index.php\/wp-json\/wp\/v2\/media\/117"}],"wp:attachment":[{"href":"https:\/\/paveldopita.cz\/index.php\/wp-json\/wp\/v2\/media?parent=114"}],"wp:term":[{"taxonomy":"category","embeddable":true,"href":"https:\/\/paveldopita.cz\/index.php\/wp-json\/wp\/v2\/categories?post=114"},{"taxonomy":"post_tag","embeddable":true,"href":"https:\/\/paveldopita.cz\/index.php\/wp-json\/wp\/v2\/tags?post=114"}],"curies":[{"name":"wp","href":"https:\/\/api.w.org\/{rel}","templated":true}]}}