{"id":124,"date":"2022-07-25T18:57:43","date_gmt":"2022-07-25T18:57:43","guid":{"rendered":"https:\/\/paveldopita.cz\/?p=124"},"modified":"2022-07-25T18:58:23","modified_gmt":"2022-07-25T18:58:23","slug":"prvni-desitka-kandidatky","status":"publish","type":"post","link":"https:\/\/paveldopita.cz\/index.php\/2022\/07\/25\/prvni-desitka-kandidatky\/","title":{"rendered":"Prvn\u00ed des\u00edtka kandid\u00e1tky"},"content":{"rendered":"\n<p>V\u010dera se uskute\u010dnila dal\u0161\u00ed p\u0159edvolebn\u00ed sch\u016fzka OK SPD Prost\u011bjovsko, zam\u011b\u0159en\u00e1 na kandid\u00e1tky v Prost\u011bjov\u011b a v Kostelci na Han\u00e9. N\u011bm\u010dice nad Hanou \u0159e\u0161\u00edme on-line. Modern\u00ed technologie n\u00e1m nejsou ciz\u00ed <img loading=\"lazy\" height=\"16\" width=\"16\" alt=\"\ud83d\ude09\" src=\"https:\/\/static.xx.fbcdn.net\/images\/emoji.php\/v9\/tf6\/2\/16\/1f609.png\"> . Pap\u00edry a zase jenom sam\u00e9 pap\u00edry <img loading=\"lazy\" height=\"16\" width=\"16\" alt=\"\ud83d\ude42\" src=\"https:\/\/static.xx.fbcdn.net\/images\/emoji.php\/v9\/teb\/2\/16\/1f642.png\"> . Ale i velk\u00e9 d\u011bkov\u00e1n\u00ed. Jak za \u00fa\u010dast na akci na Prvn\u00edho m\u00e1je na Hlou\u010deli, tak zejm\u00e9na na pietn\u00ed vzpom\u00ednce 9.5. ve Skalce a Dobromilic\u00edch. Dostali jsme jen sam\u00e9 kladn\u00e9 ohlasy a vyj\u00e1d\u0159en\u00ed podpory. Proto\u017ee v\u00e1s ji\u017e zaj\u00edm\u00e1 prost\u011bjovsk\u00e1 kandid\u00e1tka, kdy\u2026 Zobrazit v\u00edc<\/p>\n\n\n\n<figure class=\"wp-block-image\"><img src=\"https:\/\/scontent-prg1-1.xx.fbcdn.net\/v\/t39.30808-6\/281366683_5246165338776672_1538573292269499328_n.jpg?_nc_cat=110&amp;ccb=1-7&amp;_nc_sid=730e14&amp;_nc_ohc=hjpV-pSxGWsAX8huqOn&amp;_nc_ht=scontent-prg1-1.xx&amp;oh=00_AT8SjA4w0ltGAU_OXiU_GaljX1ejV6h4d7Z7YwubjNkwqA&amp;oe=62E3540B\" alt=\"M\u016f\u017ee j\u00edt o obr\u00e1zek 7 lidem , stoj\u00edc\u00edm lidem a venkovn\u00edmu\"\/><\/figure>\n","protected":false},"excerpt":{"rendered":"<p>V\u010dera se uskute\u010dnila dal\u0161\u00ed p\u0159edvolebn\u00ed sch\u016fzka OK SPD Prost\u011bjovsko, zam\u011b\u0159en\u00e1 na kandid\u00e1tky v Prost\u011bjov\u011b a v Kostelci na Han\u00e9. N\u011bm\u010dice&hellip; <a class=\"read-more\" href=\"https:\/\/paveldopita.cz\/index.php\/2022\/07\/25\/prvni-desitka-kandidatky\/\">Pokra\u010dovat ve \u010dten\u00ed<\/a><\/p>\n","protected":false},"author":1,"featured_media":126,"comment_status":"closed","ping_status":"","sticky":false,"template":"","format":"standard","meta":[],"categories":[1],"tags":[],"_links":{"self":[{"href":"https:\/\/paveldopita.cz\/index.php\/wp-json\/wp\/v2\/posts\/124"}],"collection":[{"href":"https:\/\/paveldopita.cz\/index.php\/wp-json\/wp\/v2\/posts"}],"about":[{"href":"https:\/\/paveldopita.cz\/index.php\/wp-json\/wp\/v2\/types\/post"}],"author":[{"embeddable":true,"href":"https:\/\/paveldopita.cz\/index.php\/wp-json\/wp\/v2\/users\/1"}],"replies":[{"embeddable":true,"href":"https:\/\/paveldopita.cz\/index.php\/wp-json\/wp\/v2\/comments?post=124"}],"version-history":[{"count":1,"href":"https:\/\/paveldopita.cz\/index.php\/wp-json\/wp\/v2\/posts\/124\/revisions"}],"predecessor-version":[{"id":125,"href":"https:\/\/paveldopita.cz\/index.php\/wp-json\/wp\/v2\/posts\/124\/revisions\/125"}],"wp:featuredmedia":[{"embeddable":true,"href":"https:\/\/paveldopita.cz\/index.php\/wp-json\/wp\/v2\/media\/126"}],"wp:attachment":[{"href":"https:\/\/paveldopita.cz\/index.php\/wp-json\/wp\/v2\/media?parent=124"}],"wp:term":[{"taxonomy":"category","embeddable":true,"href":"https:\/\/paveldopita.cz\/index.php\/wp-json\/wp\/v2\/categories?post=124"},{"taxonomy":"post_tag","embeddable":true,"href":"https:\/\/paveldopita.cz\/index.php\/wp-json\/wp\/v2\/tags?post=124"}],"curies":[{"name":"wp","href":"https:\/\/api.w.org\/{rel}","templated":true}]}}