{"id":127,"date":"2022-07-25T18:59:44","date_gmt":"2022-07-25T18:59:44","guid":{"rendered":"https:\/\/paveldopita.cz\/?p=127"},"modified":"2022-07-25T19:01:15","modified_gmt":"2022-07-25T19:01:15","slug":"lidrem-kandidatky-je-dopita","status":"publish","type":"post","link":"https:\/\/paveldopita.cz\/index.php\/2022\/07\/25\/lidrem-kandidatky-je-dopita\/","title":{"rendered":"Lidrem kandid\u00e1tky je Dopita"},"content":{"rendered":"\n<p>\u010cl\u00e1nek v dne\u0161n\u00edm Prost\u011bjovsk\u00e9m ve\u010dern\u00edku na z\u00e1klad\u011b rozhovoru se mnou. N\u011bco vypadlo, n\u011bco si domysleli, ale v podstat\u011b tam v\u0161e d\u016fle\u017eit\u00e9 z\u016fstalo. Jen tu fotografii tam nenajdete, tu jsem dohodil a\u017e dodate\u010dn\u011b <img loading=\"lazy\" height=\"16\" width=\"16\" alt=\"\ud83d\ude09\" src=\"https:\/\/static.xx.fbcdn.net\/images\/emoji.php\/v9\/tf6\/2\/16\/1f609.png\"> . Na to, \u017ee ten rozhovor prob\u011bhl ji\u017e p\u0159ed \u010dasem, tak situace, co se t\u00fdk\u00e1 neschopn\u00e9 vl\u00e1dy, z\u016fst\u00e1v\u00e1 stejn\u00e1, mo\u017en\u00e1 je je\u0161t\u011b hor\u0161\u00ed. Komun\u00e1ln\u00ed volby jsou paradoxn\u011b opravdu jedinou \u0161anc\u00ed lid\u00ed, jak \u0159\u00edct, \u017ee tato zem\u011b nevzkv\u00e9t\u00e1, sp\u00ed\u0161e ch\u0159adne. Z demonstrac\u00ed si nebudou nic d\u011blat a defenestrace u n\u00e1s zase nemaj\u00ed takovou tradici, i kdy\u017e si mnoz\u00ed mysl\u00ed jinak. T\u011b\u0161\u00edm se na v\u00e1s p\u0159i osobn\u00edm setk\u00e1n\u00ed <img loading=\"lazy\" height=\"16\" width=\"16\" alt=\"\u2764\" src=\"https:\/\/static.xx.fbcdn.net\/images\/emoji.php\/v9\/ted\/2\/16\/2764.png\"> .<\/p>\n\n\n\n<figure class=\"wp-block-image\"><img src=\"https:\/\/scontent-prg1-1.xx.fbcdn.net\/v\/t39.30808-6\/281381987_5264021373657735_6405191442843876475_n.jpg?_nc_cat=103&amp;ccb=1-7&amp;_nc_sid=730e14&amp;_nc_ohc=4tvZ96DB8JAAX_8dt0o&amp;_nc_ht=scontent-prg1-1.xx&amp;oh=00_AT8HgD67hhTt9ziCwf_sK1Sf2ZheyYAWkMCa3foddQo-1A&amp;oe=62E46C15\" alt=\"M\u016f\u017ee j\u00edt o obr\u00e1zek 1 osoba\"\/><\/figure>\n","protected":false},"excerpt":{"rendered":"<p>\u010cl\u00e1nek v dne\u0161n\u00edm Prost\u011bjovsk\u00e9m ve\u010dern\u00edku na z\u00e1klad\u011b rozhovoru se mnou. N\u011bco vypadlo, n\u011bco si domysleli, ale v podstat\u011b tam v\u0161e&hellip; <a class=\"read-more\" href=\"https:\/\/paveldopita.cz\/index.php\/2022\/07\/25\/lidrem-kandidatky-je-dopita\/\">Pokra\u010dovat ve \u010dten\u00ed<\/a><\/p>\n","protected":false},"author":1,"featured_media":129,"comment_status":"closed","ping_status":"","sticky":false,"template":"","format":"standard","meta":[],"categories":[1],"tags":[],"_links":{"self":[{"href":"https:\/\/paveldopita.cz\/index.php\/wp-json\/wp\/v2\/posts\/127"}],"collection":[{"href":"https:\/\/paveldopita.cz\/index.php\/wp-json\/wp\/v2\/posts"}],"about":[{"href":"https:\/\/paveldopita.cz\/index.php\/wp-json\/wp\/v2\/types\/post"}],"author":[{"embeddable":true,"href":"https:\/\/paveldopita.cz\/index.php\/wp-json\/wp\/v2\/users\/1"}],"replies":[{"embeddable":true,"href":"https:\/\/paveldopita.cz\/index.php\/wp-json\/wp\/v2\/comments?post=127"}],"version-history":[{"count":1,"href":"https:\/\/paveldopita.cz\/index.php\/wp-json\/wp\/v2\/posts\/127\/revisions"}],"predecessor-version":[{"id":128,"href":"https:\/\/paveldopita.cz\/index.php\/wp-json\/wp\/v2\/posts\/127\/revisions\/128"}],"wp:featuredmedia":[{"embeddable":true,"href":"https:\/\/paveldopita.cz\/index.php\/wp-json\/wp\/v2\/media\/129"}],"wp:attachment":[{"href":"https:\/\/paveldopita.cz\/index.php\/wp-json\/wp\/v2\/media?parent=127"}],"wp:term":[{"taxonomy":"category","embeddable":true,"href":"https:\/\/paveldopita.cz\/index.php\/wp-json\/wp\/v2\/categories?post=127"},{"taxonomy":"post_tag","embeddable":true,"href":"https:\/\/paveldopita.cz\/index.php\/wp-json\/wp\/v2\/tags?post=127"}],"curies":[{"name":"wp","href":"https:\/\/api.w.org\/{rel}","templated":true}]}}