{"id":130,"date":"2022-07-25T19:02:42","date_gmt":"2022-07-25T19:02:42","guid":{"rendered":"https:\/\/paveldopita.cz\/?p=130"},"modified":"2022-07-25T19:03:26","modified_gmt":"2022-07-25T19:03:26","slug":"detsky-den-s-kolobezkou","status":"publish","type":"post","link":"https:\/\/paveldopita.cz\/index.php\/2022\/07\/25\/detsky-den-s-kolobezkou\/","title":{"rendered":"D\u011btsk\u00fd den s kolob\u011b\u017ekou"},"content":{"rendered":"\n<p>Srde\u010dn\u011b zveme V\u00e1s, ale hlavn\u011b va\u0161e d\u011bti, na sportovn\u011b z\u00e1bavnou akci do Kostelce na Han\u00e9. Pro d\u011bti m\u00e1me p\u0159ipraven\u00e9 drobn\u00e9 d\u00e1rky, spolu si pak m\u016f\u017eeme popov\u00eddat nejen o komun\u00e1ln\u00ed politice, ale i o t\u00e9 velik\u00e9, kter\u00e1 te\u010f tr\u00e1p\u00ed st\u00e1le v\u00edce ob\u010dan\u016f. Po\u010das\u00ed se nebojte, m\u00e1me p\u0159isl\u00edben\u00e9 fajn teploty okolo 17 stup\u0148\u016f a ob\u010das vykoukne i slun\u00ed\u010dko. Prost\u011b \u0161koda sed\u011bt doma <img loading=\"lazy\" height=\"16\" width=\"16\" alt=\"\ud83d\ude42\" src=\"https:\/\/static.xx.fbcdn.net\/images\/emoji.php\/v9\/teb\/2\/16\/1f642.png\"> . V\u00edce v diskuzi u ud\u00e1losti.<a href=\"https:\/\/www.facebook.com\/events\/542433407263040\/?__cft__[0]=AZU2BbT0jCZlUevSsEd6a5r3OR1IOnCFbFmCeJgtrnI7c6gWhBuQLkezpx2ljQSYIYjFlZplnLWiAFJAVpnRlGYT4bT3KnAWW0R_qrTu8gjCWau4vqIJTzvZkFT-ocFXi5ww92xQkuPAJtq53YuuzEtvbFnA665VS1pHC4u60ym_srmApheoqxZ8MrMDxIpnxmqLlkIgv9AzZ91B5pxfHClH&amp;__tn__=-UK-R\">https:\/\/www.facebook.com\/events\/542433407263040<\/a><\/p>\n\n\n\n<figure class=\"wp-block-image size-large\"><img loading=\"lazy\" width=\"1010\" height=\"500\" src=\"https:\/\/paveldopita.cz\/wp-content\/uploads\/2022\/07\/image.png\" alt=\"\" class=\"wp-image-131\" srcset=\"https:\/\/paveldopita.cz\/wp-content\/uploads\/2022\/07\/image.png 1010w, https:\/\/paveldopita.cz\/wp-content\/uploads\/2022\/07\/image-300x149.png 300w, https:\/\/paveldopita.cz\/wp-content\/uploads\/2022\/07\/image-768x380.png 768w\" sizes=\"(max-width: 1010px) 100vw, 1010px\" \/><\/figure>\n","protected":false},"excerpt":{"rendered":"<p>Srde\u010dn\u011b zveme V\u00e1s, ale hlavn\u011b va\u0161e d\u011bti, na sportovn\u011b z\u00e1bavnou akci do Kostelce na Han\u00e9. Pro d\u011bti m\u00e1me p\u0159ipraven\u00e9 drobn\u00e9&hellip; <a class=\"read-more\" href=\"https:\/\/paveldopita.cz\/index.php\/2022\/07\/25\/detsky-den-s-kolobezkou\/\">Pokra\u010dovat ve \u010dten\u00ed<\/a><\/p>\n","protected":false},"author":1,"featured_media":133,"comment_status":"closed","ping_status":"","sticky":false,"template":"","format":"standard","meta":[],"categories":[1],"tags":[],"_links":{"self":[{"href":"https:\/\/paveldopita.cz\/index.php\/wp-json\/wp\/v2\/posts\/130"}],"collection":[{"href":"https:\/\/paveldopita.cz\/index.php\/wp-json\/wp\/v2\/posts"}],"about":[{"href":"https:\/\/paveldopita.cz\/index.php\/wp-json\/wp\/v2\/types\/post"}],"author":[{"embeddable":true,"href":"https:\/\/paveldopita.cz\/index.php\/wp-json\/wp\/v2\/users\/1"}],"replies":[{"embeddable":true,"href":"https:\/\/paveldopita.cz\/index.php\/wp-json\/wp\/v2\/comments?post=130"}],"version-history":[{"count":1,"href":"https:\/\/paveldopita.cz\/index.php\/wp-json\/wp\/v2\/posts\/130\/revisions"}],"predecessor-version":[{"id":132,"href":"https:\/\/paveldopita.cz\/index.php\/wp-json\/wp\/v2\/posts\/130\/revisions\/132"}],"wp:featuredmedia":[{"embeddable":true,"href":"https:\/\/paveldopita.cz\/index.php\/wp-json\/wp\/v2\/media\/133"}],"wp:attachment":[{"href":"https:\/\/paveldopita.cz\/index.php\/wp-json\/wp\/v2\/media?parent=130"}],"wp:term":[{"taxonomy":"category","embeddable":true,"href":"https:\/\/paveldopita.cz\/index.php\/wp-json\/wp\/v2\/categories?post=130"},{"taxonomy":"post_tag","embeddable":true,"href":"https:\/\/paveldopita.cz\/index.php\/wp-json\/wp\/v2\/tags?post=130"}],"curies":[{"name":"wp","href":"https:\/\/api.w.org\/{rel}","templated":true}]}}