{"id":134,"date":"2022-07-25T19:05:45","date_gmt":"2022-07-25T19:05:45","guid":{"rendered":"https:\/\/paveldopita.cz\/?p=134"},"modified":"2022-07-25T19:07:07","modified_gmt":"2022-07-25T19:07:07","slug":"vysledky-kolobezek","status":"publish","type":"post","link":"https:\/\/paveldopita.cz\/index.php\/2022\/07\/25\/vysledky-kolobezek\/","title":{"rendered":"V\u00fdsledky kolob\u011b\u017eek"},"content":{"rendered":"\n<p>M\u00e1me za sebou D\u011btsk\u00fd den s kolob\u011b\u017ekou, v Kostelci na Han\u00e9, nad kter\u00fdm jsme s Martin K\u0159upka p\u0159evzali patron\u00e1t. D\u011bkuji moc David Huben\u00fd a Martin Michl, kte\u0159\u00ed s organizac\u00ed v\u00fdrazn\u011b pomohli. Jak vid\u00edte na fotografi\u00edch, u\u017eili si to nejen d\u011bti, pro kter\u00e9 jsme m\u011bli spousty cen, ale zaz\u00e1vodila si na na\u0161em dovednostn\u00edm slalomu i &#8222;profi&#8220; cyklo st\u00e1j <img loading=\"lazy\" height=\"16\" width=\"16\" alt=\"\ud83d\ude42\" src=\"https:\/\/static.xx.fbcdn.net\/images\/emoji.php\/v9\/teb\/2\/16\/1f642.png\"> . Nepl\u00e1novan\u011b byli na m\u00edst\u011b i dva kon\u00ed\u010dci, se kter\u00fdmi bylo mo\u017eno se vyfotit (to jsem s d\u011btmi nestihl). Co jsem si ale nenechal uj\u00edt, tak si s\u00e1m tra\u0165, kterou jsem stav\u011bl, projet. T\u011b\u0161\u00edme se na p\u0159\u00ed\u0161t\u00ed setk\u00e1n\u00ed <img loading=\"lazy\" height=\"16\" width=\"16\" alt=\"\u2764\" src=\"https:\/\/static.xx.fbcdn.net\/images\/emoji.php\/v9\/ted\/2\/16\/2764.png\"> .<\/p>\n\n\n\n<figure class=\"wp-block-image\"><img src=\"https:\/\/scontent-prg1-1.xx.fbcdn.net\/v\/t39.30808-6\/281711592_5282555555137650_7208170301531064800_n.jpg?_nc_cat=101&amp;ccb=1-7&amp;_nc_sid=730e14&amp;_nc_ohc=YIxDfnAv-j0AX9pPynD&amp;_nc_ht=scontent-prg1-1.xx&amp;oh=00_AT_yz7Z-CYbtEj4BmBz6hecDupWct0ARaJchek2xRSTeow&amp;oe=62E48F51\" alt=\"M\u016f\u017ee j\u00edt o obr\u00e1zek 5 lidem , stoj\u00edc\u00edm lidem a venkovn\u00edmu\"\/><\/figure>\n","protected":false},"excerpt":{"rendered":"<p>M\u00e1me za sebou D\u011btsk\u00fd den s kolob\u011b\u017ekou, v Kostelci na Han\u00e9, nad kter\u00fdm jsme s Martin K\u0159upka p\u0159evzali patron\u00e1t. D\u011bkuji&hellip; <a class=\"read-more\" href=\"https:\/\/paveldopita.cz\/index.php\/2022\/07\/25\/vysledky-kolobezek\/\">Pokra\u010dovat ve \u010dten\u00ed<\/a><\/p>\n","protected":false},"author":1,"featured_media":136,"comment_status":"closed","ping_status":"","sticky":false,"template":"","format":"standard","meta":[],"categories":[1],"tags":[],"_links":{"self":[{"href":"https:\/\/paveldopita.cz\/index.php\/wp-json\/wp\/v2\/posts\/134"}],"collection":[{"href":"https:\/\/paveldopita.cz\/index.php\/wp-json\/wp\/v2\/posts"}],"about":[{"href":"https:\/\/paveldopita.cz\/index.php\/wp-json\/wp\/v2\/types\/post"}],"author":[{"embeddable":true,"href":"https:\/\/paveldopita.cz\/index.php\/wp-json\/wp\/v2\/users\/1"}],"replies":[{"embeddable":true,"href":"https:\/\/paveldopita.cz\/index.php\/wp-json\/wp\/v2\/comments?post=134"}],"version-history":[{"count":1,"href":"https:\/\/paveldopita.cz\/index.php\/wp-json\/wp\/v2\/posts\/134\/revisions"}],"predecessor-version":[{"id":135,"href":"https:\/\/paveldopita.cz\/index.php\/wp-json\/wp\/v2\/posts\/134\/revisions\/135"}],"wp:featuredmedia":[{"embeddable":true,"href":"https:\/\/paveldopita.cz\/index.php\/wp-json\/wp\/v2\/media\/136"}],"wp:attachment":[{"href":"https:\/\/paveldopita.cz\/index.php\/wp-json\/wp\/v2\/media?parent=134"}],"wp:term":[{"taxonomy":"category","embeddable":true,"href":"https:\/\/paveldopita.cz\/index.php\/wp-json\/wp\/v2\/categories?post=134"},{"taxonomy":"post_tag","embeddable":true,"href":"https:\/\/paveldopita.cz\/index.php\/wp-json\/wp\/v2\/tags?post=134"}],"curies":[{"name":"wp","href":"https:\/\/api.w.org\/{rel}","templated":true}]}}