{"id":152,"date":"2022-07-25T19:19:00","date_gmt":"2022-07-25T19:19:00","guid":{"rendered":"https:\/\/paveldopita.cz\/?p=152"},"modified":"2022-07-25T19:19:31","modified_gmt":"2022-07-25T19:19:31","slug":"co-mne-dnes-zaujalo","status":"publish","type":"post","link":"https:\/\/paveldopita.cz\/index.php\/2022\/07\/25\/co-mne-dnes-zaujalo\/","title":{"rendered":"Co mne dnes zaujalo"},"content":{"rendered":"\n<p>P\u0159ed hodinou jsem \u010detl, \u017ee budou pot\u0159ebovat n\u011bjakou mrtvolu, na kterou to svedou a Michal\u00edk jim asi sta\u010dit nebude. A bum, je tu Petr Adam. Nechme ale Policii pracovat, a m\u00e1m tu pro odleh\u010den\u00ed infografiku k tomuto t\u00fddnu. Ka\u017ed\u00fd si v n\u00ed ur\u010dit\u011b najde to svoje. S t\u011bmi, co se rozhodli ve \u010dtvrtek podepsat petici proti zdra\u017eov\u00e1n\u00ed, s n\u00e1vrhem SPD na \u0159e\u0161en\u00ed, se t\u011b\u0161\u00edm poz\u00edt\u0159\u00ed p\u0159ed Tower caf\u00e9 v Prost\u011bjov\u011b u hradeb.<\/p>\n\n\n\n<figure class=\"wp-block-image\"><img src=\"https:\/\/scontent-prg1-1.xx.fbcdn.net\/v\/t39.30808-6\/289587182_5346975348695670_7632684135489541697_n.jpg?_nc_cat=101&amp;ccb=1-7&amp;_nc_sid=730e14&amp;_nc_ohc=5PNh_i9vQlwAX-Li1nj&amp;_nc_ht=scontent-prg1-1.xx&amp;oh=00_AT_r5skgg0dUM7zhIET7KiRC6Y6NdHSykn7Z4X4a6-eKLw&amp;oe=62E4529A\" alt=\"M\u016f\u017ee j\u00edt o obr\u00e1zek 3 lidem , stoj\u00edc\u00edm lidem a text that says 'Petr Fiala @P Fiala h V\u00fdrazn\u00e8 jsme zvy\u0161ili mno\u017estv\u00ed dom\u00e1cnost\u00ed, kter\u00e9 maj\u00ed n\u00e1rok na soci\u00e1ln\u00ed d\u00e1vky. CO MNE DNES ZAUJALO? 30,1 Volebn\u00ed preference kveten 2022 SANEP 19,6 14,3 7,8 4,6 3,6 9,4 3,3 ODS SPD 2,3 STOA VAZEBN V\u00c9ZNICE OLOMOUC PRIDEJ ZAJEM@ VEZ.OL 602 776 993 SVOBODNI Co tvor\u00ed cenu benz\u00ednu OSTATN\u00cd Spotrebn\u00edda DPH topky.sk ropBnt Marzerafin\u00e9rie+distribuce Mar\u017ee\u010derpac\u00edstanice Ropa k16 4,82,5 10,95 rusk\u00e1rop 8,1 9,5 16,6 11,3 \u010dervnu2 2022: 6,4 5,32,5 10,95 11,5 8,1 14,3 11,8 cenavK\u010d topky.sk Nemecko prijme mimoriadne opatrenia na pokry energetickych potrieb: nahrad\u00ed uhlie AETTE'\"\/><\/figure>\n","protected":false},"excerpt":{"rendered":"<p>P\u0159ed hodinou jsem \u010detl, \u017ee budou pot\u0159ebovat n\u011bjakou mrtvolu, na kterou to svedou a Michal\u00edk jim asi sta\u010dit nebude. A&hellip; <a class=\"read-more\" href=\"https:\/\/paveldopita.cz\/index.php\/2022\/07\/25\/co-mne-dnes-zaujalo\/\">Pokra\u010dovat ve \u010dten\u00ed<\/a><\/p>\n","protected":false},"author":1,"featured_media":154,"comment_status":"closed","ping_status":"","sticky":false,"template":"","format":"standard","meta":[],"categories":[1],"tags":[],"_links":{"self":[{"href":"https:\/\/paveldopita.cz\/index.php\/wp-json\/wp\/v2\/posts\/152"}],"collection":[{"href":"https:\/\/paveldopita.cz\/index.php\/wp-json\/wp\/v2\/posts"}],"about":[{"href":"https:\/\/paveldopita.cz\/index.php\/wp-json\/wp\/v2\/types\/post"}],"author":[{"embeddable":true,"href":"https:\/\/paveldopita.cz\/index.php\/wp-json\/wp\/v2\/users\/1"}],"replies":[{"embeddable":true,"href":"https:\/\/paveldopita.cz\/index.php\/wp-json\/wp\/v2\/comments?post=152"}],"version-history":[{"count":1,"href":"https:\/\/paveldopita.cz\/index.php\/wp-json\/wp\/v2\/posts\/152\/revisions"}],"predecessor-version":[{"id":153,"href":"https:\/\/paveldopita.cz\/index.php\/wp-json\/wp\/v2\/posts\/152\/revisions\/153"}],"wp:featuredmedia":[{"embeddable":true,"href":"https:\/\/paveldopita.cz\/index.php\/wp-json\/wp\/v2\/media\/154"}],"wp:attachment":[{"href":"https:\/\/paveldopita.cz\/index.php\/wp-json\/wp\/v2\/media?parent=152"}],"wp:term":[{"taxonomy":"category","embeddable":true,"href":"https:\/\/paveldopita.cz\/index.php\/wp-json\/wp\/v2\/categories?post=152"},{"taxonomy":"post_tag","embeddable":true,"href":"https:\/\/paveldopita.cz\/index.php\/wp-json\/wp\/v2\/tags?post=152"}],"curies":[{"name":"wp","href":"https:\/\/api.w.org\/{rel}","templated":true}]}}