{"id":413,"date":"2023-10-13T21:14:17","date_gmt":"2023-10-13T21:14:17","guid":{"rendered":"https:\/\/paveldopita.cz\/?p=413"},"modified":"2023-10-13T21:17:01","modified_gmt":"2023-10-13T21:17:01","slug":"jak-to-s-temi-stromy-v-prostejove-vlastne-je-08-2023","status":"publish","type":"post","link":"https:\/\/paveldopita.cz\/index.php\/2023\/10\/13\/jak-to-s-temi-stromy-v-prostejove-vlastne-je-08-2023\/","title":{"rendered":"Jak to s t\u011bmi stromy v Prost\u011bjov\u011b vlastn\u011b je? (08\/2023)"},"content":{"rendered":"\n<p><\/p>\n\n\n\n<p>Bl\u00ed\u017e\u00ed se n\u00e1m podzim, za\u010dne opad\u00e1vat list\u00ed a je \u010das se pod\u00edvat na jedno p\u0159ev\u00e1\u017en\u011b v\u00e1\u017en\u00e9 t\u00e9ma. Kdy\u017e jsme u toho list\u00ed, tak t\u00e9matem, kter\u00e9 pravideln\u011b h\u00fdbe soci\u00e1ln\u00edmi s\u00edt\u011bmi v Prost\u011bjov\u011b, jsou stromy. Tedy sp\u00ed\u0161e v\u011bta \u201eM\u011bsto n\u00e1m zase pok\u00e1celo strome\u010dek (-ky), na radnici sed\u00ed sam\u00ed k\u016frovci!\u201c Tak\u017ee se vyd\u00e1v\u00e1m na tenk\u00fd led a zkus\u00edm toto t\u00e9ma rozebrat podrobn\u011bji.<\/p>\n\n\n\n<p>Hned na \u00favod vyt\u00e1hnu jednu vzpom\u00ednku. P\u0159ed p\u00e1r lety se k\u00e1cely sakury u n\u00e1s ve Vrahovic\u00edch, na ulici kapit\u00e1na N\u00e1lepky. Volal jsem tenkr\u00e1t dne\u0161n\u00edmu zastupiteli Tom\u00e1\u0161i Pekovi, kter\u00e9ho pova\u017euji v t\u00e9to oblasti za odborn\u00edka.\u201cTome, k\u00e1c\u00ed n\u00e1m sakury\u201c, \u201eNo a co, a\u0165 k\u00e1c\u00ed.\u201c, \u201eAle jsou to stromy, zdroj kysl\u00edku, co jen s n\u00e1mi bude?\u201c Jeho odpov\u011b\u010f si p\u0159ipom\u00edn\u00e1m \u010dasto. \u201eTy stromy maj\u00ed svoji \u017eivotnost za sebou. A\u0165 je pok\u00e1c\u00ed a nahrad\u00ed jin\u00fdmi.\u201c D\u016fle\u017eit\u00e1 pozn\u00e1mka, velkou roli zde hraje i v\u00fdb\u011br spr\u00e1vn\u00e9ho druhu stromu. Ale zp\u011bt k sakur\u00e1m. To je ta my\u0161lenka, kterou bychom si v\u017edy m\u011bli p\u0159ipom\u00ednat. Strom je \u017eiv\u00fd organismus, a tak jako st\u00e1rnou a um\u00edraj\u00ed lid\u00e9, st\u00e1rnou a um\u00edraj\u00ed i stromy. Jen ve m\u011bst\u011b to nechceme nechat doj\u00edt tak daleko, \u017ee takov\u00fd nemocn\u00fd strom senior na n\u011bkoho spadne. M\u00e1me povinnost se chovat s p\u0159edb\u011b\u017enou opatrnost\u00ed. Bohu\u017eel, ne v\u017edy se to povede. P\u0159ed p\u00e1r lety spadla na Hlou\u010deli v\u011btev na mladou \u017eenu, a co v\u00edm, m\u00e1 za sebou \u0161est operac\u00ed a dal\u0161\u00ed ji \u010dekaj\u00ed. Te\u010f, p\u0159ed p\u00e1r t\u00fddny, zase strom na automobil na Voj\u00e1\u010dkov\u011b n\u00e1m\u011bst\u00ed. Prost\u011b u n\u011bj neexistovaly ko\u0159eny a nebylo to mo\u017en\u00e9 p\u0159edj\u00edmat. Podobn\u00e9 jsem vid\u011bl, kdy\u017e jsem po vich\u0159ici b\u011b\u017eel na Kos\u00ed\u0159i. Strom p\u0159es cestu, pr\u016fm\u011br kmene 30 centimetr\u016f, d\u00e9lka asi 10 metr\u016f a ko\u0159enov\u00fd bal v pr\u016fm\u011bru nem\u011bl ani metr. Pak p\u0159ich\u00e1z\u00ed bohu\u017eel slo\u017eit\u00e1 jedn\u00e1n\u00ed, kter\u00fdm se m\u011bsto sna\u017e\u00ed pr\u00e1v\u011b p\u0159edej\u00edt. Radnice si tedy p\u0159es FCC nech\u00e1v\u00e1 vypracov\u00e1vat ka\u017edoro\u010dn\u00ed dendrologick\u00e9 posudky a m\u00e1 podchycen\u00e9 v\u0161echny stromy ve m\u011bst\u011b, o kter\u00e9 se star\u00e1. Mo\u017en\u00e1 v\u00e1s to p\u0159ekvap\u00ed, ale jedn\u00e1 se o t\u011b\u017eko uv\u011b\u0159iteln\u00fdch dvacet tis\u00edc strom\u016f! Pokud je strom nemocn\u00fd, nebo na konci sv\u00e9 \u017eivotnosti, tak se vyd\u00e1 pokyn k pok\u00e1cen\u00ed. Pova\u017euji to za d\u016fle\u017eit\u00e9, zejm\u00e9na pokud je to v m\u00edstech, kde je mo\u017en\u00fd pohyb ob\u010dan\u016f a hlavn\u011b d\u011bt\u00ed. Tedy parky a z\u00f3ny oddychu. Pamatujete si, jak se pok\u00e1cel vzrostl\u00fd strom v Kol\u00e1\u0159ov\u00fdch sadech pot\u00e9, co mu upadla v\u011btev, kter\u00e1 byla tlust\u00e1 jak moje stehno? To jsem m\u011bl rozho\u0159\u010den\u00fdch e-mail\u016f a zpr\u00e1v v messengeru, \u017ee ten strom \u0161lo jist\u011b zachr\u00e1nit, n\u011bjak o\u0161et\u0159it. Um\u00edte si ale p\u0159edstavit, kdyby p\u0159\u00ed\u0161t\u011b spadla v\u011btev na n\u011bjak\u00e9 d\u00edt\u011b? To bychom to teprve schytali. Naposledy jste mi psali ohledn\u011b stromu u autobusov\u00e9ho n\u00e1dra\u017e\u00ed. Tak\u017ee odpov\u00edd\u00e1m, ne, ne\u0161lo jej zachr\u00e1nit. Kolob\u011bh \u017eivota i strom\u016f u\u017e prost\u011b takov\u00fd je.<\/p>\n\n\n\n<p>Pak tu m\u00e1me dal\u0161\u00ed \u0161irok\u00fd okruh, a sice situace, kdy stromy mus\u00ed ustoupit v\u00fdstavb\u011b nebo rekonstrukci in\u017een\u00fdrsk\u00fdch s\u00edt\u00ed. Aktu\u00e1ln\u011b je to v Nerudov\u011b ulici, kde se budou opravovat vodovodn\u00ed rozvody. U\u017e jsem op\u011bt sly\u0161el slova o \u201ek\u016frovci\u201c. Spr\u00e1vn\u011b by se toti\u017e stromy na m\u00edsta, kde vedou in\u017een\u00fdrsk\u00e9 s\u00edt\u011b, s\u00e1zet v\u016fbec nem\u011bly. Ve m\u011bst\u011b tak trochu o\u0159\u00ed\u0161ek, \u017ee? Nebo sp\u00ed\u0161e po\u0159\u00e1dn\u00fd o\u0159ech. Jejich ko\u0159eny toti\u017e tyto s\u00edt\u011b naru\u0161uj\u00ed a znemo\u017e\u0148uj\u00ed p\u0159\u00edpadn\u00e9 opravy. Nab\u00edz\u00ed se tedy to nerudovsk\u00e9, kam s nimi? Mimochodem, pamatujete to drah\u00e9 p\u0159esazov\u00e1n\u00ed \u00e1leje mezi Plumlovskou a Hlou\u010del\u00ed? Jak jsem tenkr\u00e1t na zastupitelstvu \u0159\u00edkal, \u017ee je to nesmysl, \u017ee bych to pok\u00e1cel a nechal vysadit nov\u00e9 stromy? A jak jsem dostal hrd\u00fd titul k\u016frovec? Tak tenkr\u00e1t skoro v\u0161echny po p\u0159esazen\u00ed uschnuly, ale st\u00e1lo to pen\u011bz, \u017ee bychom za n\u011b vysadili nov\u00fd park. Tak\u00e9 to bylo v\u00edc o emoc\u00edch ne\u017e o hlav\u011b.<\/p>\n\n\n\n<p>Respektujme p\u0159irozen\u00fd cyklus \u017eivota stromu. Kdy\u017e jsem u toho, tak jedna informace, kterou mo\u017en\u00e1 nev\u00edte, a kter\u00e1 p\u0159ekvapila i mne. I kdy\u017e se net\u00fdk\u00e1 p\u0159\u00edmo m\u011bsta, tak demonstruje naivitu ekoaktivist\u016f. Nebo t\u011bch, kte\u0159\u00ed se jimi nechali ovlivnit. B\u011b\u017eel jsem na Nov\u00fd hrad u Blanska a zarazila mne uzav\u00edrka turistick\u00e9 cesty, kv\u016fli mo\u017en\u00e9mu p\u00e1du strom\u016f. Nakonec jsem se na hrad dostal a popov\u00eddal si s majitelem. V\u00edte, \u017ee v p\u0159\u00edrodn\u00ed rezervaci se nesm\u00ed k\u00e1cet ani such\u00e9 stromy? \u017de se \u010dek\u00e1, a\u017e spadnou samy a pot\u00e9 se nesm\u00ed odv\u00e9zt, ale pro zm\u011bnu se \u010dek\u00e1, a\u017e se rozlo\u017e\u00ed? I kdy\u017e le\u017e\u00ed p\u0159es cestu? A my se div\u00edme, \u017ee se n\u00e1m \u0161\u00ed\u0159\u00ed ti skute\u010dn\u00ed k\u016frovci? Vymknuta z kloub\u016f doba \u0161\u00edl\u00ed.<\/p>\n\n\n\n<p>Dal\u0161\u00edm m\u00edstem, kter\u00e9 je v Prost\u011bjov\u011b \u010dasto se zelen\u00ed zmi\u0148ovan\u00e9, je n\u00e1m\u011bst\u00ed T.G.M. To jsou ty obr\u00e1zky na facebooku, jak\u00e1 je teplota v lese a jak\u00e1 na rozp\u00e1len\u00e9m n\u00e1m\u011bst\u00ed. \u017de to je hlavn\u00ed d\u016fvod, pro\u010d tam lidi nechod\u00ed. \u017de kdyby tam bylo v\u00edc strom\u016f, tak by tam byly davy, snad i piknikov\u00e9 ko\u0161\u00ed\u010dky by sebou vzaly. Jak to \u0159\u00edct<\/p>\n\n\n\n<p>slu\u0161n\u011b? No, nen\u00ed to pravda. Na n\u00e1m\u011bst\u00ed je historicky skoro nejv\u00edc strom\u016f, pod\u00edvejte se na star\u00e9 pohlednice. P\u0159itom na nich najdete v minulosti pln\u00e9 n\u00e1m\u011bst\u00ed. Tedy jedin\u00fdm m\u00edstem, kde bylo v sedmdes\u00e1t\u00fdch letech strom\u016f v\u00edc, je prostor ku\u017eelny, kde nyn\u00ed v zim\u011b b\u00fdv\u00e1 ledov\u00e1 plocha a p\u0159es l\u00e9to ob\u010das p\u00f3dium. \u0158ekn\u011bme si to popravd\u011b, lidi chyb\u00ed na n\u00e1m\u011bst\u00ed ne kv\u016fli strom\u016fm, ale kv\u016fli tomu, \u017ee tam nemaj\u00ed d\u016fvod j\u00edt. Nakupujeme v supermarketech na periferii a v centru m\u00e1me zalepen\u00e9 v\u00fdlohy. Tak\u017ee jedin\u00e9, co dok\u00e1\u017ee zaplnit n\u00e1m\u011bst\u00ed, je v zim\u011b ta ji\u017e zmi\u0148ovan\u00e1 ledov\u00e1 plocha a p\u0159es l\u00e9to koncerty, jako nap\u0159\u00edklad n\u011bk\u00fdm milovan\u00fd a jin\u00fdm prokl\u00ednan\u00fd Michal David. Ov\u0161em p\u0159es \u0161est tis\u00edc lid\u00ed na n\u011bj p\u0159i\u0161lo a \u017eena mi tenkr\u00e1t \u0159\u00edkala, kdy\u017e jsme si jej \u0161li poslechnout, \u201eJe to mo\u017en\u00e9, je toto v\u016fbec Prost\u011bjov?\u201c. \u0158ekn\u011bme si na rovinu, o moc v\u00edc strom\u016f na n\u00e1m\u011bst\u00ed kv\u016fli ji\u017e zmi\u0148ovan\u00fdm in\u017een\u00fdrsk\u00fdm s\u00edt\u00edm a pam\u00e1tk\u00e1\u0159\u016fm opravdu ned\u00e1me, pokusme se jej zatraktivnit jinak. Zkusme vr\u00e1tit do centra v\u00edc obch\u016fdk\u016f a kav\u00e1rni\u010dek.<\/p>\n\n\n\n<p>Te\u010f trochu odbo\u010d\u00edm od strom\u016f, ale z\u016fstanu u zelen\u011b. Na za\u010d\u00e1tek dv\u011b \u010d\u00edsla. V Prost\u011bjov\u011b m\u00e1me 186.751 m\u00b2 ke\u0159\u016f, trvalkov\u00fdch a kv\u011btinov\u00fdch z\u00e1hon\u016f a 1.634.800 m\u00b2 tr\u00e1vn\u00edk\u016f. A pak des\u00edtky kilometr\u016f chodn\u00edk\u016f, kde naopak zele\u0148 nen\u00ed \u017e\u00e1douc\u00ed a je pot\u0159eba je o\u0161et\u0159it pr\u00e1v\u011b obr\u00e1cen\u011b. Bohu\u017eel, u toho se mnoho z n\u00e1s nech\u00e1 manipulovat r\u016fzn\u00fdmi f\u00e1mami, co b\u011bhaj\u00ed po internetu. Za alarmuj\u00edc\u00ed pova\u017euji situaci, kdy z \u00fahynu mal\u00fdch labut\u00ed na prost\u011bjovsk\u00e9m rybn\u00edku byl na soci\u00e1ln\u00edch s\u00edt\u00edch obvin\u011bn pracovn\u00edk FCC, kter\u00fd d\u011bl\u00e1 post\u0159ik pr\u00e1v\u011b proti plevel\u016fm. Do\u0161lo to dokonce tak daleko, \u017ee jej musel hl\u00eddat str\u00e1\u017en\u00edk m\u011bstsk\u00e9 policie, proto\u017ee n\u011bjak\u00fd s odpu\u0161t\u011bn\u00edm magor jej cht\u011bl lyn\u010dovat. Proboha, kde to jsme? K post\u0159ik\u016fm kr\u00e1tk\u00e1 pozn\u00e1mka. D\u011blaj\u00ed se bu\u010fto chemi\u00ed, nebo horkou p\u00e1rou. To prvn\u00ed je levn\u00e9 a \u00fa\u010dinn\u00e9, to druh\u00e9 je drah\u00e9, jen hodn\u011b kr\u00e1tkodob\u00e9, ov\u0161em 100% ekologick\u00e9. Jak z toho ven? Tak\u017ee za mne, horkou p\u00e1rou ni\u010dme plevel v okol\u00edch \u0161kol a \u0161kolek, park\u016f a d\u011btsk\u00fdch h\u0159i\u0161\u0165, ale jinde pou\u017e\u00edvejme chemii. Ostatn\u011b mapu, jak se kde o\u0161et\u0159uje, m\u016f\u017eete naj\u00edt na webu m\u011bsta. Chovejme se ekologicky, ale sou\u010dasn\u011b i ekonomicky.<\/p>\n\n\n\n<p>Z\u00e1v\u011brem zp\u011bt na stromy, tedy ke strom\u016fm. Na podzim prob\u011bhne dal\u0161\u00ed komunitn\u00ed s\u00e1zen\u00ed ve Vrahovic\u00edch u soutoku, kam v\u00e1s zvu. Pl\u00e1nuje se park v prostor\u00e1ch b\u00fdval\u00fdch Jezdeck\u00fdch kas\u00e1ren. J\u00e1 to s tou zelen\u00ed v Prost\u011bjov\u011b nevid\u00edm tak \u0161patn\u011b. I kdy\u017e n\u00e1m tedy n\u011bkdo na workoutu ve Vrahovic\u00edch zlomil mlad\u00fd strome\u010dek. Pokud to ale bylo d\u00edt\u011b, kter\u00e9 se u\u010dilo na n\u011bj vyl\u00e9zt, tak mu odpou\u0161t\u00edm. Nebyli jsme jin\u00ed, i kdy\u017e si to mnohdy u\u017e nepamatujeme.<\/p>\n\n\n\n<p>Pavel Dopita p\u0159edseda zastupitelsk\u00e9ho klubu SPD Prost\u011bjov<\/p>\n","protected":false},"excerpt":{"rendered":"<p>Bl\u00ed\u017e\u00ed se n\u00e1m podzim, za\u010dne opad\u00e1vat list\u00ed a je \u010das se pod\u00edvat na jedno p\u0159ev\u00e1\u017en\u011b v\u00e1\u017en\u00e9 t\u00e9ma. Kdy\u017e jsme u&hellip; <a class=\"read-more\" href=\"https:\/\/paveldopita.cz\/index.php\/2023\/10\/13\/jak-to-s-temi-stromy-v-prostejove-vlastne-je-08-2023\/\">Pokra\u010dovat ve \u010dten\u00ed<\/a><\/p>\n","protected":false},"author":1,"featured_media":415,"comment_status":"closed","ping_status":"","sticky":false,"template":"","format":"standard","meta":[],"categories":[1],"tags":[],"_links":{"self":[{"href":"https:\/\/paveldopita.cz\/index.php\/wp-json\/wp\/v2\/posts\/413"}],"collection":[{"href":"https:\/\/paveldopita.cz\/index.php\/wp-json\/wp\/v2\/posts"}],"about":[{"href":"https:\/\/paveldopita.cz\/index.php\/wp-json\/wp\/v2\/types\/post"}],"author":[{"embeddable":true,"href":"https:\/\/paveldopita.cz\/index.php\/wp-json\/wp\/v2\/users\/1"}],"replies":[{"embeddable":true,"href":"https:\/\/paveldopita.cz\/index.php\/wp-json\/wp\/v2\/comments?post=413"}],"version-history":[{"count":1,"href":"https:\/\/paveldopita.cz\/index.php\/wp-json\/wp\/v2\/posts\/413\/revisions"}],"predecessor-version":[{"id":414,"href":"https:\/\/paveldopita.cz\/index.php\/wp-json\/wp\/v2\/posts\/413\/revisions\/414"}],"wp:featuredmedia":[{"embeddable":true,"href":"https:\/\/paveldopita.cz\/index.php\/wp-json\/wp\/v2\/media\/415"}],"wp:attachment":[{"href":"https:\/\/paveldopita.cz\/index.php\/wp-json\/wp\/v2\/media?parent=413"}],"wp:term":[{"taxonomy":"category","embeddable":true,"href":"https:\/\/paveldopita.cz\/index.php\/wp-json\/wp\/v2\/categories?post=413"},{"taxonomy":"post_tag","embeddable":true,"href":"https:\/\/paveldopita.cz\/index.php\/wp-json\/wp\/v2\/tags?post=413"}],"curies":[{"name":"wp","href":"https:\/\/api.w.org\/{rel}","templated":true}]}}