{"id":451,"date":"2023-11-16T14:12:12","date_gmt":"2023-11-16T14:12:12","guid":{"rendered":"https:\/\/paveldopita.cz\/?p=451"},"modified":"2023-11-16T14:12:12","modified_gmt":"2023-11-16T14:12:12","slug":"politicke-usneseni-31-rijna-2023","status":"publish","type":"post","link":"https:\/\/paveldopita.cz\/index.php\/2023\/11\/16\/politicke-usneseni-31-rijna-2023\/","title":{"rendered":"Politick\u00e9 usnesen\u00ed 31. \u0159\u00edjna 2023"},"content":{"rendered":"\n<p>1. Kv\u016fli ministru zdravotnictv\u00ed V\u00e1lkovi hroz\u00ed kolaps \u010desk\u00e9ho zdravotnictv\u00ed a jsou ohro\u017eeny \u017eivoty \u010desk\u00fdch ob\u010dan\u016f. Situace v resortu zdravotnictv\u00ed je velmi v\u00e1\u017en\u00e1 a od Nov\u00e9ho roku dokonce hroz\u00ed kolaps cel\u00e9ho zdravotnictv\u00ed. Ministr zdravotnictv\u00ed Vlastimil V\u00e1lek (TOP 09) nen\u00ed schopen situaci vy\u0159e\u0161it. Nejen, \u017ee chyb\u00ed z\u00e1kladn\u00ed l\u00e9ky, ale v\u00fdpov\u011b\u010f z p\u0159es\u010dasov\u00e9 pr\u00e1ce podalo dosud 6 tis\u00edc ze zhruba 13 tis\u00edc l\u00e9ka\u0159\u016f, kte\u0159\u00ed pravideln\u011b tuto pr\u00e1ci vykon\u00e1vaj\u00ed. Chystaj\u00ed se k nim p\u0159idat i zdravotn\u00ed sestry a dal\u0161\u00ed zdravotn\u00edci. Vypl\u00fdv\u00e1 to z informac\u00ed, kter\u00e9 poskytli z\u00e1stupci zdravotnick\u00fdch a l\u00e9ka\u0159sk\u00fdch odbor\u016f agentu\u0159e \u010cTK. Jedn\u00e1 se o reakci l\u00e9ka\u0159sk\u00e9ho a zdravotnick\u00e9ho person\u00e1lu na vl\u00e1dn\u00ed novelu z\u00e1kon\u00edku pr\u00e1ce, kter\u00e1 navy\u0161uje maxim\u00e1ln\u00ed mo\u017en\u00fd objem p\u0159es\u010dasov\u00e9 pr\u00e1ce ve zdravotnictv\u00ed na dvojn\u00e1sobek. L\u00e9ka\u0159i po\u017eaduj\u00ed sn\u00ed\u017een\u00ed mno\u017estv\u00ed p\u0159es\u010das\u016f a zv\u00fd\u0161en\u00ed z\u00e1kladn\u00edch v\u00fdd\u011blk\u016f bez p\u0159\u00edjm\u016f z p\u0159es\u010dasov\u00e9 pr\u00e1ce. Podle sd\u011blen\u00ed l\u00e9ka\u0159sk\u00fdch odbor\u016f chyb\u00ed v \u010desk\u00fdch nemocnic\u00edch a\u017e 4 000 l\u00e9ka\u0159\u016f a a\u017e 5 000 zdravotn\u00edch sester. Jde o d\u016fsledek dlouhodob\u011b \u0161patn\u00e9 koncepce zdravotnictv\u00ed. Z\u00e1sadn\u00edm probl\u00e9mem jsou masov\u00e9 odchody \u010desk\u00fdch l\u00e9ka\u0159\u016f, kte\u0159\u00ed vystudovali medic\u00ednu na \u010desk\u00fdch vysok\u00fdch \u0161kol\u00e1ch za pen\u00edze \u010desk\u00e9ho st\u00e1tu, do zahrani\u010d\u00ed. Vyz\u00fdv\u00e1me premi\u00e9ra Petra Fialu k okam\u017eit\u00e9mu \u0159e\u0161en\u00ed aktu\u00e1ln\u00ed kritick\u00e9 situace tak, aby nebyly ohro\u017eeny \u017eivoty a zdrav\u00ed ob\u010dan\u016f. Sou\u010d\u00e1st\u00ed \u0159e\u0161en\u00ed mus\u00ed b\u00fdt i odvol\u00e1n\u00ed zcela neschopn\u00e9ho ministra V\u00e1lka. Z\u00e1rove\u0148 je nezbytn\u00e9 okam\u017eit\u011b zah\u00e1jit konkr\u00e9tn\u00ed kroky, kter\u00e9 povedou ke sn\u00ed\u017een\u00ed nedostatku l\u00e9ka\u0159\u016f a zdravotn\u00edch sester v \u010desk\u00e9m zdravotnictv\u00ed a trval\u00e9ho zaji\u0161t\u011bn\u00ed zdravotn\u00ed p\u00e9\u010de.<\/p>\n\n\n\n<p>2. V prvn\u00edm pololet\u00ed leto\u0161n\u00edho roku se zdra\u017eila elekt\u0159ina \u010desk\u00fdm dom\u00e1cnostem o v\u00edce ne\u017e \u010dtvrtinu a plyn o v\u00edce ne\u017e polovinu. Jde o katastrof\u00e1ln\u00ed v\u00fdsledky vl\u00e1dy Petra Fialy. V prvn\u00edm pololet\u00ed leto\u0161n\u00edho roku se zdra\u017eila elekt\u0159ina \u010desk\u00fdm dom\u00e1cnostem o v\u00edce ne\u017e \u010dtvrtinu a plyn o v\u00edce ne\u017e polovinu. Vypl\u00fdv\u00e1 to z nejnov\u011bj\u0161\u00edch \u00fadaj\u016f evropsk\u00e9ho statistick\u00e9ho \u00fa\u0159adu Eurostat. \u010ce\u0161i tak za energie platili v\u00fdrazn\u011b v\u00edce ne\u017e Ma\u010fa\u0159i, Pol\u00e1ci nebo Slov\u00e1ci. A to p\u0159esto, \u017ee jsme, na rozd\u00edl od v\u011bt\u0161iny sousedn\u00edch a evropsk\u00fdch st\u00e1t\u016f, v\u00fdvozci a v\u00fdrobci levn\u00e9 elekt\u0159iny. Pr\u016fm\u011brn\u00e1 cena elekt\u0159iny pro dom\u00e1cnosti v \u010cR se meziro\u010dn\u011b zv\u00fd\u0161ila o 26 % na 0,32 euro (7,9 koruny) za kilowatthodinu. Na Slovensku a v Polsku p\u0159itom dom\u00e1cnosti za jednu kilowatthodinu elekt\u0159iny platily pouze zhruba polovinu t\u00e9to ceny (0,18 euro) a v Ma\u010farsku pouze jej\u00ed t\u0159etinu (0,11 euro). Pr\u016fm\u011brn\u00e1 cena plynu pro dom\u00e1cnosti v \u010cR vzrostla o 57 % na 0,11 euro (zhruba 2,8 koruny) za kilowatthodinu. V Polsku a na Slovensku dom\u00e1cnosti platily polovi\u010dn\u00ed cenu (0,06 euro). V Ma\u010farsku, kde je cena plynu nejni\u017e\u0161\u00ed v cel\u00e9 EU, potom pouze \u010dtvrtinu \u010desk\u00e9 ceny (0,03 euro). Jedn\u00e1 se o katastrof\u00e1ln\u00ed v\u00fdsledky energetick\u00e9 politiky vl\u00e1dy Petra Fialy. Je naprosto nep\u0159ijateln\u00e9, abychom jako jeden z nejv\u011bt\u0161\u00edch evropsk\u00fdch v\u00fdrobc\u016f elekt\u0159iny z\u00e1rove\u0148 platili nejvy\u0161\u0161\u00ed ceny. Nav\u00edc v p\u0159\u00ed\u0161t\u00edm roce v d\u016fsledku ukon\u010den\u00ed tzv. cenov\u00fdch strop\u016f na energie ze strany vl\u00e1dy a kv\u016fli soub\u011b\u017en\u00e9mu v\u00fdrazn\u00e9mu zv\u00fd\u0161en\u00ed regulovan\u00fdch \u010d\u00e1st\u00ed ceny elekt\u0159iny a plynu tyto komodity pro \u010desk\u00e9 spot\u0159ebitele v\u00fdznamn\u011b zdra\u017e\u00ed. U pr\u016fmyslov\u00fdch firem p\u016fjde a\u017e o n\u011bkolikan\u00e1sobn\u00e9 likvida\u010dn\u00ed zdra\u017een\u00ed. Je nezbytn\u011b nutn\u00e9 okam\u017eit\u011b vystoupit z jednotn\u00e9ho energetick\u00e9ho trhu EU a za\u010d\u00edt \u010deskou elekt\u0159inu prod\u00e1vat p\u0159ednostn\u011b za dostupn\u00e9 ceny \u010desk\u00fdm spot\u0159ebitel\u016fm. St\u00e1t mus\u00ed obnovit plnou kontrolu nad spole\u010dnost\u00ed \u010cEZ, a t\u00edm i nad v\u00fdrobou, distribuc\u00ed, cenotvorbou a prodejem elekt\u0159iny. Pokud to Fialova vl\u00e1da nechce ud\u011blat, \u0161kod\u00ed \u010desk\u00fdm n\u00e1rodn\u00edm z\u00e1jm\u016fm a mus\u00ed skon\u010dit!<\/p>\n\n\n\n<p>3. Hnut\u00ed SPD prosazovalo zv\u00fd\u0161en\u00ed rodi\u010dovsk\u00e9ho p\u0159\u00edsp\u011bvku o 100 tis\u00edc korun, zat\u00edmco schv\u00e1leno bylo nav\u00fd\u0161en\u00ed jen o 50 tis\u00edc. Zkr\u00e1cen\u00ed \u010derp\u00e1n\u00ed rodi\u010dovsk\u00e9ho p\u0159\u00edsp\u011bvku Fialovou vl\u00e1dou zp\u016fsob\u00ed probl\u00e9my tis\u00edc\u016fm rodin a diskriminace n\u011bkter\u00fdch rodin je proti\u00fastavn\u00ed. Minul\u00fd t\u00fdden Sn\u011bmovna na z\u00e1klad\u011b dlouhodob\u00e9ho tlaku opozice schv\u00e1lila i d\u00edky hlas\u016fm poslanc\u016f SPD zv\u00fd\u0161en\u00ed rodi\u010dovsk\u00e9ho p\u0159\u00edsp\u011bvku, a to o 50 tis\u00edc korun. Vzhledem k r\u016fstu inflace od jeho posledn\u00edho zv\u00fd\u0161en\u00ed (o cca 34 %) v roce 2020 se p\u0159esto jedn\u00e1 o zv\u00fd\u0161en\u00ed nedostate\u010dn\u00e9, proto\u017ee ceny z\u00e1kladn\u00edch \u017eivotn\u00edch n\u00e1klad\u016f a pot\u0159eb pro d\u011bti rostou v sou\u010dasn\u00e9 dob\u011b mnohem rychleji. Hnut\u00ed SPD navrhovalo zv\u00fd\u0161en\u00ed o 100 tis\u00edc korun, co\u017e ov\u0161em poslanci vl\u00e1dn\u00edch stran odm\u00edtli. Poslanci p\u011btikoalice rovn\u011b\u017e podpo\u0159ili vl\u00e1dn\u00ed n\u00e1vrh na zkr\u00e1cen\u00ed doby \u010derp\u00e1n\u00ed rodi\u010dovsk\u00e9ho p\u0159\u00edsp\u011bvku o jeden rok, co\u017e p\u0159i nedostatku kapacit \u0161kolek zp\u016fsob\u00ed tis\u00edc\u016fm na\u0161ich rodin probl\u00e9my p\u0159i zaji\u0161t\u011bn\u00ed ka\u017edodenn\u00ed p\u00e9\u010de o jejich mal\u00e9 d\u011bti. Hnut\u00ed SPD navrhovalo v t\u00e9to v\u011bci zachovat sou\u010dasn\u00fd stav. Za zcela nep\u0159ijatelnou, nemor\u00e1ln\u00ed a diskrimina\u010dn\u00ed pova\u017eujeme skute\u010dnost, \u017ee vl\u00e1da chce zv\u00fd\u0161en\u00fd rodi\u010dovsk\u00fd p\u0159\u00edsp\u011bvek poskytnout pouze d\u011btem narozen\u00fdm po 1. lednu 2024, co\u017e nese jasn\u00e9 rysy proti\u00fastavn\u00ed diskriminace na z\u00e1klad\u011b v\u011bku! V t\u00e9to z\u00e1le\u017eitosti jsme ji\u017e oslovili i veden\u00ed poslaneck\u00e9ho klubu hnut\u00ed ANO s v\u00fdzvou, abychom podali spole\u010dnou st\u00ed\u017enost k \u00dastavn\u00edmu soudu.<\/p>\n\n\n\n<p>4. V Bruselu prosazuj\u00ed zni\u010den\u00ed zbytk\u016f suverenity na\u0161eho st\u00e1tu. Prezident Petr Pavel, TOP 09 i Pir\u00e1ti jednaj\u00ed proti nez\u00e1vislosti na\u0161eho st\u00e1tu. V\u00fdbor pro \u00fastavn\u00ed z\u00e1le\u017eitosti Evropsk\u00e9ho parlamentu odhlasoval minul\u00fd t\u00fdden n\u00e1vrh zm\u011bn zakl\u00e1daj\u00edc\u00edch smluv EU, podle kter\u00e9ho by m\u011blo b\u00fdt zru\u0161eno pr\u00e1vo veta \u010dlensk\u00fdch st\u00e1t\u016f (tedy z\u00e1sada jednomyslnosti) p\u0159i hlasov\u00e1n\u00ed a rozhodov\u00e1n\u00ed v org\u00e1nech EU. Pro n\u00e1vrh hlasovala i \u010desk\u00e1 pir\u00e1tsk\u00e1 europoslankyn\u011b Gregorov\u00e1. Tento n\u00e1vrh p\u0159edlo\u017eilo N\u011bmecko s Franci\u00ed. Tyto st\u00e1ty z\u00e1rove\u0148 navrhuj\u00ed prosazen\u00ed tzv. sd\u00edlen\u00fdch pravomoc\u00ed EU v oblastech dan\u00ed, energetiky, zahrani\u010dn\u00edch v\u011bc\u00ed, vn\u011bj\u0161\u00ed bezpe\u010dnosti a obrany, politiky vn\u011bj\u0161\u00edch hranic a p\u0159eshrani\u010dn\u00ed infrastruktury. V listopadu budou o tomto n\u00e1vrhu hlasovat v\u0161ichni poslanci Evropsk\u00e9ho parlamentu na jeho plen\u00e1rn\u00edm zased\u00e1n\u00ed. To znamen\u00e1, \u017ee by \u010cR p\u0159i\u0161la o suverenitu a v\u00fdhradn\u00ed kompetence v t\u011bchto oblastech a v Evropsk\u00e9 rad\u011b a v Rad\u011b EU by mohla b\u00fdt na\u0161e nesouhlasn\u00e1 stanoviska p\u0159ehlasov\u00e1na. V\u00fdsledkem kone\u010dn\u00e9ho schv\u00e1len\u00ed t\u011bchto krajn\u011b nebezpe\u010dn\u00fdch n\u00e1vrh\u016f by byla definitivn\u00ed ztr\u00e1ta zbytk\u016f suverenity a samostatnosti na\u0161eho st\u00e1tu a p\u0159ed\u00e1n\u00ed pravomoc\u00ed v kl\u00ed\u010dov\u00fdch z\u00e1le\u017eitostech, jako jsou zahrani\u010dn\u00ed politika, obrana, bezpe\u010dnost, migrace \u010di energetika, do Bruselu a Berl\u00edna. Ka\u017ed\u00fd, kdo tento n\u00e1vrh podporuje, tedy mj. prezident Pavel, Pir\u00e1ti a TOP 09, jedn\u00e1 p\u0159\u00edmo proti nejz\u00e1kladn\u011bj\u0161\u00edm n\u00e1rodn\u00edm z\u00e1jm\u016fm \u010cR. Hnut\u00ed SPD bude proti t\u011bmto scestn\u00fdm n\u00e1vrh\u016fm bojovat ze v\u0161ech sil. Jak\u00e1koli zm\u011bna zakl\u00e1dac\u00edch smluv EU mus\u00ed podl\u00e9hat souhlasu ob\u010dan\u016f \u010cR v celost\u00e1tn\u00edm z\u00e1vazn\u00e9m referendu. Vzhledem k sou\u010dasn\u00e9 situaci po\u017eadujeme vypsat i referendum o vystoupen\u00ed \u010cR z EU, proto\u017ee \u010dlenstv\u00ed v t\u00e9to organizaci na\u0161\u00ed zem\u00ed p\u0159in\u00e1\u0161\u00ed \u010d\u00edm d\u00e1l v\u011bt\u0161\u00ed bezpe\u010dnostn\u00ed rizika a ekonomick\u00e9 \u0161kody, ohro\u017een\u00ed na\u0161\u00ed suverenity a svrchovanosti.<\/p>\n\n\n\n<p>5. Prohl\u00e1\u0161en\u00ed ministryn\u011b obrany \u010cernochov\u00e9, \u017ee bychom m\u011bli vystoupit z OSN, je jej\u00edm naprost\u00fdm selh\u00e1n\u00edm. Po\u017eadujeme jej\u00ed odvol\u00e1n\u00ed z funkce. Hnut\u00ed SPD pova\u017euje prohl\u00e1\u0161en\u00ed ministryn\u011b obrany Jany \u010cernochov\u00e9 (ODS) o tom, \u017ee se styd\u00ed za OSN a po\u017eaduje vystoupen\u00ed \u010cR z t\u00e9to organizace, za jej\u00ed selh\u00e1n\u00ed jako \u010dlenky vl\u00e1dy. Minul\u00fd t\u00fdden Valn\u00e9 shrom\u00e1\u017ed\u011bn\u00ed OSN p\u0159ijalo rezoluci, kter\u00e1 byla prvn\u00ed spole\u010dnou reakc\u00ed OSN na aktu\u00e1ln\u00ed konflikt v Izraeli. Kanada navrhovala, aby text obsahoval jednozna\u010dn\u00e9 odsouzen\u00ed \u201eteroristick\u00fdch \u00fatok\u016f&#8220; Ham\u00e1su a \u017e\u00e1dala okam\u017eit\u00e9 propu\u0161t\u011bn\u00ed rukojm\u00edch. Jej\u00ed n\u00e1vrh ale neusp\u011bl. S v\u00fdsledky hlasov\u00e1n\u00ed hnut\u00ed SPD nesouhlas\u00ed, ale takov\u00e1 je realita v r\u00e1mci 193 st\u00e1t\u016f sdru\u017een\u00fdch v r\u00e1mci OSN. Av\u0161ak n\u00e1vrh vystoupen\u00ed z OSN je pot\u0159eba jednozna\u010dn\u011b odm\u00edtnout. Charta OSN a mezin\u00e1rodn\u00ed \u0159\u00e1d z n\u00ed odvozen\u00fd je doslova \u0161t\u00edtem na\u0161\u00ed st\u00e1tn\u00ed nez\u00e1vislosti a suverenity. Ministryn\u011b obrany Jana \u010cernochov\u00e1 by nem\u011bla pron\u00e1\u0161et tyto a podobn\u00e9 neuv\u00e1\u017een\u00e9 v\u00fdroky, kter\u00e9 v p\u0159\u00edpad\u011b, \u017ee by je schv\u00e1lila Vl\u00e1da \u010cR, by m\u011bly velk\u00fd dopad na mo\u017enost aktivn\u011b vystupovat na jedn\u00e1n\u00edch OSN a znemo\u017enily by i na\u0161e ambice b\u00fdt nest\u00e1l\u00fdm \u010dlenem Rady bezpe\u010dnosti OSN v n\u00e1sleduj\u00edc\u00edch letech. Vystoupen\u00edm z OSN bychom tak\u00e9 mj. p\u0159i\u0161li o status 17 chr\u00e1n\u011bn\u00fdch pam\u00e1tek v r\u00e1mci \u00damluvy o ochran\u011b sv\u011btov\u00e9ho a kulturn\u00edho d\u011bdictv\u00ed (UNESCO), jimi\u017e jsou nap\u0159. historick\u00e1 centra Prahy, \u010cesk\u00e9ho Krumlova, Kutn\u00e9 Hory, z\u00e1meck\u00e9 are\u00e1ly v Krom\u011b\u0159\u00ed\u017ei, Litomy\u0161li atd. \u00damluva UNESCO je jednou z nejpresti\u017en\u011bj\u0161\u00edch mezin\u00e1rodn\u00edch smluv, proto\u017ee jej\u00edmi signat\u00e1\u0159i jsou t\u00e9m\u011b\u0159 v\u0161echny st\u00e1ty sv\u011bta a b\u00fdt na jej\u00edm seznamu znamen\u00e1 obrovskou presti\u017e a mj. i mimo\u0159\u00e1dn\u00e9 p\u0159\u00edjmy z turistiky. Ministryn\u011b obrany Jana \u010cernochov\u00e1 nen\u00ed odborn\u00edkem a premi\u00e9r Petr Fiala by m\u011bl prezidentu republiky navrhnout jej\u00ed odvol\u00e1n\u00ed z funkce.<\/p>\n","protected":false},"excerpt":{"rendered":"<p>1. Kv\u016fli ministru zdravotnictv\u00ed V\u00e1lkovi hroz\u00ed kolaps \u010desk\u00e9ho zdravotnictv\u00ed a jsou ohro\u017eeny \u017eivoty \u010desk\u00fdch ob\u010dan\u016f. Situace v resortu zdravotnictv\u00ed je&hellip; <a class=\"read-more\" href=\"https:\/\/paveldopita.cz\/index.php\/2023\/11\/16\/politicke-usneseni-31-rijna-2023\/\">Pokra\u010dovat ve \u010dten\u00ed<\/a><\/p>\n","protected":false},"author":1,"featured_media":452,"comment_status":"closed","ping_status":"","sticky":false,"template":"","format":"standard","meta":[],"categories":[1],"tags":[],"_links":{"self":[{"href":"https:\/\/paveldopita.cz\/index.php\/wp-json\/wp\/v2\/posts\/451"}],"collection":[{"href":"https:\/\/paveldopita.cz\/index.php\/wp-json\/wp\/v2\/posts"}],"about":[{"href":"https:\/\/paveldopita.cz\/index.php\/wp-json\/wp\/v2\/types\/post"}],"author":[{"embeddable":true,"href":"https:\/\/paveldopita.cz\/index.php\/wp-json\/wp\/v2\/users\/1"}],"replies":[{"embeddable":true,"href":"https:\/\/paveldopita.cz\/index.php\/wp-json\/wp\/v2\/comments?post=451"}],"version-history":[{"count":1,"href":"https:\/\/paveldopita.cz\/index.php\/wp-json\/wp\/v2\/posts\/451\/revisions"}],"predecessor-version":[{"id":453,"href":"https:\/\/paveldopita.cz\/index.php\/wp-json\/wp\/v2\/posts\/451\/revisions\/453"}],"wp:featuredmedia":[{"embeddable":true,"href":"https:\/\/paveldopita.cz\/index.php\/wp-json\/wp\/v2\/media\/452"}],"wp:attachment":[{"href":"https:\/\/paveldopita.cz\/index.php\/wp-json\/wp\/v2\/media?parent=451"}],"wp:term":[{"taxonomy":"category","embeddable":true,"href":"https:\/\/paveldopita.cz\/index.php\/wp-json\/wp\/v2\/categories?post=451"},{"taxonomy":"post_tag","embeddable":true,"href":"https:\/\/paveldopita.cz\/index.php\/wp-json\/wp\/v2\/tags?post=451"}],"curies":[{"name":"wp","href":"https:\/\/api.w.org\/{rel}","templated":true}]}}