{"id":47,"date":"2020-12-07T14:21:21","date_gmt":"2020-12-07T14:21:21","guid":{"rendered":"https:\/\/paveldopita.cz\/?p=47"},"modified":"2020-12-07T14:47:03","modified_gmt":"2020-12-07T14:47:03","slug":"rozhovor-pro-prostejovsky-vecernik-18-10-2020","status":"publish","type":"post","link":"https:\/\/paveldopita.cz\/index.php\/2020\/12\/07\/rozhovor-pro-prostejovsky-vecernik-18-10-2020\/","title":{"rendered":"Rozhovor pro Prost\u011bjovsk\u00fd ve\u010dern\u00edk &#8211; 18.10.2020"},"content":{"rendered":"\n<p><em>(Nezkr\u00e1cen\u00e1 verze)<\/em><\/p>\n\n\n\n<p><strong>1. Pane zastupiteli, podle \u010cesk\u00e9ho statistick\u00e9ho \u00fa\u0159adu \u017eije v Prost\u011bjov\u011b 1 983 cizinc\u016f. Je to podle v\u00e1s a\u017e p\u0159\u00edli\u0161 na celkov\u00fd po\u010det obyvatel m\u011bsta? <\/strong><\/p>\n\n\n\n<p>Dobr\u00fd den, uveden\u00e9 problematice se v\u011bnuji pom\u011brn\u011b dlouhou dobu a samotn\u00e9 \u010d\u00edslo m\u011b nijak ned\u011bs\u00ed. Tato asi 4% cizinc\u016f nezavd\u00e1vaj\u00ed prozat\u00edm d\u016fvod ktak v\u00e1\u017en\u00fdm obav\u00e1m, kter\u00e1 maj\u00edobyvatel\u00e9 m\u011bst v N\u011bmecku, Francii, \u0160v\u00e9dsku a jinde. J\u00e1 vn\u00edm\u00e1m rizika ve t\u0159ech rovin\u00e1ch. Ekonomick\u00e9, bezpe\u010dnostn\u00ed a kulturn\u00ed. P\u0159i\u010dem\u017e ta posledn\u00ed, kter\u00e1 m\u011bn\u00ed charakter velk\u00fdch m\u011bst na z\u00e1pad\u011b, u n\u00e1s zat\u00edm nehroz\u00ed. N\u00e1s se v Prost\u011bjov\u011b t\u00fdkaj\u00ed p\u0159ev\u00e1\u017en\u011b prvn\u00ed dv\u011b roviny. D\u016fle\u017eit\u00e9 je tak\u00e9 \u010dlen\u011bn\u00ed na p\u0159irozenou a masovou migraci. P\u0159irozen\u00e1 je zdrav\u00e1, proto\u017ee osv\u011b\u017euje genofond. Masov\u00e1, pokud se jedn\u00e1 o ciz\u00ed, nep\u0159\u00e1telskou kulturu, je naopak velk\u00fdm probl\u00e9mem, se kter\u00fdm si EU nev\u00ed rady, jak d\u00e1l. Sou\u010dasn\u00fd stav tedy nen\u00ed alarmuj\u00edc\u00ed, ale je pot\u0159eba se m\u00edt na pozoru. Mimochodem, dnes m\u00e1me u n\u00e1s st\u00e1le v\u011bt\u0161\u00ed probl\u00e9m s velkou \u010d\u00e1st\u00ed t\u011bch migrant\u016f, kte\u0159\u00ed k n\u00e1m p\u0159i\u0161li p\u0159ed 700 lety a st\u00e1le se neintegrovali. Sna\u017e\u00edme se eliminovat vznik ghett bezdoplatkov\u00fdmi z\u00f3nami, instalujeme kamerov\u00e9 syst\u00e9my. Neum\u00edm si p\u0159edstavit, \u017ee bychom do tohoto bezzub\u00e9ho pr\u00e1vn\u00edho syst\u00e9mu implantovali mnohem agresivn\u011bj\u0161\u00ed men\u0161inu.<\/p>\n\n\n\n<p><strong>2. Nejv\u00edce cizinc\u016f \u017eij\u00edc\u00edch v Prost\u011bjov\u011b (1 063) poch\u00e1z\u00ed ze zem\u00ed mimo Evropskou unii. O \u010dem to sv\u011bd\u010d\u00ed?<\/strong> <\/p>\n\n\n\n<p>V\u011bt\u0161ina cizinc\u016f ale poch\u00e1z\u00ed ze Slovenska, tedy ze zem\u011b EU, asi jedna t\u0159etina. To je d\u00e1no sporn\u00fdm rozd\u011blen\u00edm republiky vroce 1993. Ty bych za cizince ani nepova\u017eoval, proto\u017ee tam m\u00e1m st\u00e1le spoustu p\u0159\u00e1tel a v podstat\u011b neexistuje jazykov\u00e1 bari\u00e9ra. Pokud tedy budu zbytek \u010dlenit na cizince z EU a mimo EU, tak druh\u00e1 skupina poch\u00e1z\u00ed v\u011bt\u0161inou z Ukrajiny a Ruska, tedy zem\u00ed s podobnou k\u0159es\u0165anskou kulturn\u00ed tradic\u00ed. R\u00e1d bych se ale zm\u00ednit o Vietnamsk\u00e9 komunit\u011b, kter\u00e1 tvo\u0159\u00ed vProst\u011bjov\u011b v\u00fdznamnou \u010d\u00e1st a m\u00e1 jin\u00e9 kulturn\u00ed tradice. Zde by se pr\u00e1vem daly o\u010dek\u00e1vat probl\u00e9my. Nejsou. Vietnamci zapadli do na\u0161eho prost\u0159ed\u00ed bez v\u00fdrazn\u011bj\u0161\u00edch ot\u0159es\u016f. Pracuj\u00ed zde, d\u011bti chod\u00ed do \u0161koly, um\u00ed perfektn\u011b \u010desky. V SPD s nimi spolupracujeme. Nap\u0159\u00edklad na ja\u0159e, p\u0159i distribuci rou\u0161ek, kter\u00e9 zdarma \u0161ili a my je rozv\u00e1\u017eeli po nemocni\u010dn\u00edch za\u0159\u00edzen\u00edch a domovech d\u016fchodc\u016f. Za to jim opakovan\u011b moc d\u011bkuji. Dejte si to do kontrastu s jinou men\u0161inou, kter\u00e1 z velk\u00e9 \u010d\u00e1sti \u017eije ze soci\u00e1ln\u00edch d\u00e1vek. To je ta kulturn\u00ed rovina, kterou jsem zm\u00ednil v p\u0159edchoz\u00ed odpov\u011bdi. Bu\u010fto se cizinci za\u010dlen\u00ed, nebo ne. V sou\u010dasn\u00e9 dob\u011b je snaha n\u00e1m sem d\u00e1t takovou skupinu, kter\u00e1 se nejen\u017ee neza\u010dlen\u00ed, jak ukazuj\u00ed zku\u0161enosti t\u0159eba z Pa\u0159\u00ed\u017ee, Malmoo a dal\u0161\u00edch m\u011bst, ale bude cht\u00edt na\u0161i zemi p\u0159ed\u011blat k obrazu sv\u00e9mu. Zde je pot\u0159ebn\u00e9 b\u00fdt velmi ostra\u017eit\u00ed.<\/p>\n\n\n\n<p><strong>3. Mohou cizinci v Prost\u011bjov\u011b br\u00e1t pr\u00e1ci na\u0161im ob\u010dan\u016fm?<\/strong> <\/p>\n\n\n\n<p>To jsme u ekonomick\u00e9 roviny. Jak v\u00edte, broj\u00edm proti ubytovn\u00e1m. Je to podobn\u00e9, jako se br\u00e1n\u00ed n\u011bkter\u00e9 jin\u00e9 st\u00e1ty na\u0161im pracovn\u00edk\u016fm, kte\u0159\u00ed tam jezd\u00ed \u201epouze\u201c za prac\u00ed. V\u017edy to toti\u017e pok\u0159ivuje cenu pr\u00e1ce na trhu. Je velk\u00fd rozd\u00edl v tom, za kolik jsem ochotn\u00fd pracovat, kdy\u017e p\u0159e\u017e\u00edv\u00e1m na konzerv\u00e1ch na ubytovn\u011b a pen\u00edze hodl\u00e1m utratit a\u017e \u201edoma\u201c, a t\u00edm, kdy\u017e zde chci \u017e\u00edt a zalo\u017eit t\u0159eba rodinu. Tu konzervami asi dlouhodob\u011b sytit nebudete. Budete pot\u0159ebovat v\u011bt\u0161\u00ed bydlen\u00ed, mus\u00edte platit slu\u017eby. Tak\u017ee to, co sta\u010d\u00ed zahrani\u010dn\u00edmu d\u011bln\u00edkovi na ubytovn\u011b, nem\u016f\u017ee sta\u010dit na\u0161emu. To je velk\u00fd probl\u00e9m, kdy se pak div\u00edme, \u017eena\u0161i mlad\u00ed v\u00e1haj\u00ed se zalo\u017een\u00edm rodiny. Proto vystupuji proti tomuto syst\u00e9mu postaven\u00e9mu na ubytovn\u00e1ch a minim\u00e1ln\u00ed mzd\u011b, kter\u00fd k\u0159iv\u00ed trh pr\u00e1ce.Chce\u0161 zde pracovat? Za\u010dle\u0148 se do b\u011b\u017en\u00e9ho \u017eivota b\u011b\u017en\u00e9ho obyvatele se v\u0161\u00edm v\u0161udy. S t\u00edm pak nem\u00e1m \u017e\u00e1dn\u00fd probl\u00e9m.<\/p>\n\n\n\n<p><strong>4. Nem\u016f\u017ee vzniknout probl\u00e9m s ubytov\u00e1n\u00edm cizinc\u016f v Prost\u011bjov\u011b?<\/strong> <\/p>\n\n\n\n<p>Ob\u00e1v\u00e1m se, \u017ee hodn\u011b rychle m\u016f\u017ee. Te\u010f nem\u00e1m na mysli ty cizince, kter\u00e9 si sem voz\u00ed firmy, aby pro n\u011b pracovali. Z\u00e1padn\u00ed Evropa je na kolenou,co se t\u00fdk\u00e1 migra\u010dn\u00ed krize, a jedinou jejich \u0161anc\u00ed, jak odvr\u00e1tit kolaps je, \u017ee alespo\u0148 \u010d\u00e1st migrant\u016f rychle p\u0159esunou jinam. Na to, aby je vraceli do Afriky a na Bl\u00edzk\u00fd v\u00fdchod jsou p\u0159\u00edli\u0161 \u201ehumanisti\u010dt\u00ed\u201c. Tak\u017ee vid\u00ed sp\u00e1su ve Visegr\u00e1dsk\u00e9 \u010dty\u0159ce, kde zat\u00edm tyto probl\u00e9my nem\u00e1me. Snad pr\u00e1v\u011b proto, \u017ee nem\u00e1me ty migranty zAfriky a Bl\u00edzk\u00e9ho v\u00fdchodu. Co na tom, \u017ee to bude kr\u00e1tkodob\u00e9 \u0159e\u0161en\u00ed, jen odlo\u017een\u00ed pro budouc\u00ed generaci, kterou to m\u016f\u017ee zahubit. Tak\u017ee p\u0159ich\u00e1z\u00ed s geni\u00e1ln\u00edm n\u00e1padem. S\u00e1z\u00ed na to, \u017ee v\u0161ude se najde dost Jid\u00e1\u0161\u016f, kte\u0159\u00ed za hrst st\u0159\u00edbrn\u00fdch prodaj\u00ed vlastn\u00ed zemi. Po v\u00fdhr\u016f\u017ek\u00e1ch skv\u00f3tami, kde neusp\u011bli, to nyn\u00ed zkou\u0161\u00ed tedy s upl\u00e1cen\u00edm. V nov\u00e9 migra\u010dn\u00ed politice EU se hovo\u0159\u00ed o 10 tis\u00edc\u00edch euro za jednoho migranta a naopak o pen\u011b\u017en\u00edch sankc\u00edch, pokud jej nep\u0159ijmeme. Um\u00edm si p\u0159edstavit, \u017ee u\u017e te\u010f n\u011bjac\u00ed filutov\u00e9 p\u0159em\u00fd\u0161l\u00ed, jak by se k t\u011bm pen\u011bz\u016fm dostali. Vl\u00e1da do toho nav\u00edc p\u0159isypala tento rok 95 milion\u016f na z\u0159\u00edzen\u00ed migra\u010dn\u00edch center. Tam u\u017e tak\u00e9 neziskovky brous\u00ed jak li\u0161ka okolo kurn\u00edku. Ji\u017e m\u00e1m i informace o podivn\u00fdch telefon\u00e1tech na majitele ubytovac\u00edch za\u0159\u00edzen\u00ed, zda maj\u00ed z\u00e1jem o dlouhodobou spolupr\u00e1ci. V dob\u011b koronavirov\u00e9 krize, kdy hotely krachuj\u00ed, po takov\u00e9 nab\u00eddce m\u016f\u017ee nejeden vzt\u00e1hnout ruku. Pak by to i u n\u00e1s vProst\u011bjov\u011b mohlo vypadat jako v \u0158ecku, \u017ee m\u00e1te jeden hotel sturisty a hned vedle hotel s migranty. Schv\u00e1ln\u011b, v\u00ed va\u0161i \u010dten\u00e1\u0159i, kolik je t\u0159eba ubytoven jen na Olomouck\u00e9 ulici?<\/p>\n\n\n\n<p><strong>5. M\u016f\u017ee m\u00edt velk\u00fd po\u010det cizinc\u016f v Prost\u011bjov\u011b naopak n\u011bjak\u00e9 pozitivum pro na\u0161e m\u011bsto?<\/strong><\/p>\n\n\n\n<p>Jak jsem \u0159\u00edkal na za\u010d\u00e1tku, p\u0159irozen\u00e1 migrace je zdrav\u00e1, masivn\u00ed zab\u00edj\u00ed p\u016fvodn\u00ed kulturu (ob\u010das i sobyvateli). S trochou nads\u00e1zky vzpomenu jeden vtip, \u017ee kdyby Indi\u00e1ni byli trochu xenofobn\u00ed, nemuseli dnes b\u00fdt v rezervaci. Co m\u011b vylo\u017een\u011b vyt\u00e1\u010d\u00ed, tak \u0159e\u010di slun\u00ed\u010dk\u00e1\u0159\u016f, \u017ee terorismus do na\u0161\u00ed kultury pat\u0159\u00ed, \u017ee gangy kter\u00e9 terorizuj\u00ed m\u011bstsk\u00e9 \u010dtvrti tu byly v\u017edy. Korunu tomu nasazuj\u00ed t\u0159eba ve \u0160v\u00e9dsku, kde svaluj\u00ed vinu za zn\u00e1siln\u011bn\u00ed na ob\u011b\u0165, \u017ee \u00fato\u010dn\u00edky provokovala minisukn\u00ed. Nebo vzpomenu na p\u0159\u00edpad z N\u011bmecka z jedn\u00e9 \u0161koly, kde byla spolu\u017e\u00e1ky \u0161ikanov\u00e1na posledn\u00ed n\u011bmeck\u00e1 hol\u010di\u010dka, proto\u017ee nenosila \u0161\u00e1tek. \u0158editel \u0161koly doporu\u010dil, aby jej tedy nosila. To je pro mne nep\u0159\u00edpustn\u00e9. V\u00edte, jak bych to \u0159e\u0161il? Cizinec nem\u00e1 10 let pr\u00e1vo na \u017e\u00e1dn\u00e9 soci\u00e1ln\u00ed d\u00e1vky. Kdy\u017e zde chce pracovat, nebude mu to vadit. Pokud sem jde jen parazitovat, m\u011bl by sm\u016flu. \u017dijeme v globalizovan\u00e9m sv\u011bt\u011b, migraci se neubr\u00e1n\u00edme, proto mus\u00edme nastavit pevn\u00e1 pravidla a mus\u00edme m\u00edt s\u00edlu je vym\u00e1hat.<\/p>\n","protected":false},"excerpt":{"rendered":"<p>(Nezkr\u00e1cen\u00e1 verze) 1. Pane zastupiteli, podle \u010cesk\u00e9ho statistick\u00e9ho \u00fa\u0159adu \u017eije v Prost\u011bjov\u011b 1 983 cizinc\u016f. Je to podle v\u00e1s a\u017e&hellip; <a class=\"read-more\" href=\"https:\/\/paveldopita.cz\/index.php\/2020\/12\/07\/rozhovor-pro-prostejovsky-vecernik-18-10-2020\/\">Pokra\u010dovat ve \u010dten\u00ed<\/a><\/p>\n","protected":false},"author":1,"featured_media":48,"comment_status":"open","ping_status":"open","sticky":false,"template":"","format":"standard","meta":[],"categories":[1],"tags":[],"_links":{"self":[{"href":"https:\/\/paveldopita.cz\/index.php\/wp-json\/wp\/v2\/posts\/47"}],"collection":[{"href":"https:\/\/paveldopita.cz\/index.php\/wp-json\/wp\/v2\/posts"}],"about":[{"href":"https:\/\/paveldopita.cz\/index.php\/wp-json\/wp\/v2\/types\/post"}],"author":[{"embeddable":true,"href":"https:\/\/paveldopita.cz\/index.php\/wp-json\/wp\/v2\/users\/1"}],"replies":[{"embeddable":true,"href":"https:\/\/paveldopita.cz\/index.php\/wp-json\/wp\/v2\/comments?post=47"}],"version-history":[{"count":2,"href":"https:\/\/paveldopita.cz\/index.php\/wp-json\/wp\/v2\/posts\/47\/revisions"}],"predecessor-version":[{"id":50,"href":"https:\/\/paveldopita.cz\/index.php\/wp-json\/wp\/v2\/posts\/47\/revisions\/50"}],"wp:featuredmedia":[{"embeddable":true,"href":"https:\/\/paveldopita.cz\/index.php\/wp-json\/wp\/v2\/media\/48"}],"wp:attachment":[{"href":"https:\/\/paveldopita.cz\/index.php\/wp-json\/wp\/v2\/media?parent=47"}],"wp:term":[{"taxonomy":"category","embeddable":true,"href":"https:\/\/paveldopita.cz\/index.php\/wp-json\/wp\/v2\/categories?post=47"},{"taxonomy":"post_tag","embeddable":true,"href":"https:\/\/paveldopita.cz\/index.php\/wp-json\/wp\/v2\/tags?post=47"}],"curies":[{"name":"wp","href":"https:\/\/api.w.org\/{rel}","templated":true}]}}