{"id":516,"date":"2024-01-05T13:17:47","date_gmt":"2024-01-05T13:17:47","guid":{"rendered":"https:\/\/paveldopita.cz\/?p=516"},"modified":"2024-01-05T13:17:47","modified_gmt":"2024-01-05T13:17:47","slug":"silvestrovska-generalka","status":"publish","type":"post","link":"https:\/\/paveldopita.cz\/index.php\/2024\/01\/05\/silvestrovska-generalka\/","title":{"rendered":"Silvestrovsk\u00e1 gener\u00e1lka"},"content":{"rendered":"\n<p>Poprv\u00e9 jsme se se\u0161li na Silvestrovsk\u00e9 gener\u00e1lce v Biocentru U soutoku <img loading=\"lazy\" height=\"16\" width=\"16\" src=\"https:\/\/static.xx.fbcdn.net\/images\/emoji.php\/v9\/t6c\/1\/16\/2764.png\" alt=\"\u2764\"> . J\u00e1 v\u011b\u0159\u00edm, \u017ee jsme zalo\u017eili novou tradici <img loading=\"lazy\" height=\"16\" width=\"16\" src=\"https:\/\/static.xx.fbcdn.net\/images\/emoji.php\/v9\/t6c\/1\/16\/2764.png\" alt=\"\u2764\"> . Tak\u017ee p\u0159\u00e1tel\u00e9, t\u011b\u0161\u00edm se, a\u017e v\u00e1s zde uvid\u00edm 31.12. 2033 na des\u00e1t\u00e9m ro\u010dn\u00edku <img loading=\"lazy\" height=\"16\" width=\"16\" src=\"https:\/\/static.xx.fbcdn.net\/images\/emoji.php\/v9\/t51\/1\/16\/1f603.png\" alt=\"\ud83d\ude03\"> . Do t\u00e9 doby tu bude ten alt\u00e1n s ohni\u0161t\u011bm. Slibuji <img loading=\"lazy\" height=\"16\" width=\"16\" src=\"https:\/\/static.xx.fbcdn.net\/images\/emoji.php\/v9\/t51\/1\/16\/1f603.png\" alt=\"\ud83d\ude03\"> .<\/p>\n\n\n\n<p>A co pop\u0159\u00e1t do nov\u00e9ho roku? \u0158ekl bych, \u017ee to stejn\u00e9 co p\u0159ed rokem. Ur\u010dit\u00e9 zklidn\u011bn\u00ed, proto\u017ee spot\u0159eba psychofarmak roste exponenci\u00e1ln\u00ed k\u0159ivkou. Alespo\u0148, \u017ee ta inflace se zpomalila, ale vyhr\u00e1no nen\u00ed. Do toho n\u00e1s tato vl\u00e1da n\u00e1rodn\u00ed pohromy chce p\u0159\u00edmo zat\u00e1hnout do v\u00e1le\u010dn\u00e9ho konfliktu. Myslete na to ve volb\u00e1ch, kter\u00e9 se konaj\u00ed v roce 2024.<\/p>\n\n\n\n<p>To nejd\u016fle\u017eit\u011bj\u0161\u00ed ale je, dob\u0159e se starat o sv\u00e9 zdrav\u00ed. A to jak fyzick\u00e9, tak psychick\u00e9. Cho\u010fte do p\u0159\u00edrody, sportujte, neroz\u010dilujte se nad t\u00edm, co nem\u016f\u017eete ovlivnit, ale bu\u010fte rozhodn\u00ed tam, kde to ovlivnit m\u016f\u017eete.<\/p>\n\n\n\n<p>\u0160\u0165astn\u00fd nov\u00fd rok <img loading=\"lazy\" height=\"16\" width=\"16\" src=\"https:\/\/static.xx.fbcdn.net\/images\/emoji.php\/v9\/t6c\/1\/16\/2764.png\" alt=\"\u2764\"> . <\/p>\n","protected":false},"excerpt":{"rendered":"<p>Poprv\u00e9 jsme se se\u0161li na Silvestrovsk\u00e9 gener\u00e1lce v Biocentru U soutoku . J\u00e1 v\u011b\u0159\u00edm, \u017ee jsme zalo\u017eili novou tradici .&hellip; <a class=\"read-more\" href=\"https:\/\/paveldopita.cz\/index.php\/2024\/01\/05\/silvestrovska-generalka\/\">Pokra\u010dovat ve \u010dten\u00ed<\/a><\/p>\n","protected":false},"author":1,"featured_media":518,"comment_status":"closed","ping_status":"","sticky":false,"template":"","format":"standard","meta":[],"categories":[1],"tags":[],"_links":{"self":[{"href":"https:\/\/paveldopita.cz\/index.php\/wp-json\/wp\/v2\/posts\/516"}],"collection":[{"href":"https:\/\/paveldopita.cz\/index.php\/wp-json\/wp\/v2\/posts"}],"about":[{"href":"https:\/\/paveldopita.cz\/index.php\/wp-json\/wp\/v2\/types\/post"}],"author":[{"embeddable":true,"href":"https:\/\/paveldopita.cz\/index.php\/wp-json\/wp\/v2\/users\/1"}],"replies":[{"embeddable":true,"href":"https:\/\/paveldopita.cz\/index.php\/wp-json\/wp\/v2\/comments?post=516"}],"version-history":[{"count":2,"href":"https:\/\/paveldopita.cz\/index.php\/wp-json\/wp\/v2\/posts\/516\/revisions"}],"predecessor-version":[{"id":519,"href":"https:\/\/paveldopita.cz\/index.php\/wp-json\/wp\/v2\/posts\/516\/revisions\/519"}],"wp:featuredmedia":[{"embeddable":true,"href":"https:\/\/paveldopita.cz\/index.php\/wp-json\/wp\/v2\/media\/518"}],"wp:attachment":[{"href":"https:\/\/paveldopita.cz\/index.php\/wp-json\/wp\/v2\/media?parent=516"}],"wp:term":[{"taxonomy":"category","embeddable":true,"href":"https:\/\/paveldopita.cz\/index.php\/wp-json\/wp\/v2\/categories?post=516"},{"taxonomy":"post_tag","embeddable":true,"href":"https:\/\/paveldopita.cz\/index.php\/wp-json\/wp\/v2\/tags?post=516"}],"curies":[{"name":"wp","href":"https:\/\/api.w.org\/{rel}","templated":true}]}}