{"id":54,"date":"2020-12-13T15:20:20","date_gmt":"2020-12-13T15:20:20","guid":{"rendered":"https:\/\/paveldopita.cz\/?p=54"},"modified":"2020-12-13T15:20:20","modified_gmt":"2020-12-13T15:20:20","slug":"na-namesti-edmunda-husserla-v-prostejove-klid-nebude","status":"publish","type":"post","link":"https:\/\/paveldopita.cz\/index.php\/2020\/12\/13\/na-namesti-edmunda-husserla-v-prostejove-klid-nebude\/","title":{"rendered":"Na n\u00e1m\u011bst\u00ed Edmunda Husserla v Prost\u011bjov\u011b klid nebude."},"content":{"rendered":"\n<p>V souvislosti se v\u010derej\u0161\u00edm z\u00e1sahem Policie \u010cR na n\u00e1m\u011bst\u00ed Edmunda Husserla v Prost\u011bjov\u011b, proti vy\u0159izov\u00e1n\u00ed \u00fa\u010dt\u016f mezi gangy, se vrac\u00edm k rok a p\u016fl star\u00e9mu \u010dl\u00e1nku v Prost\u011bjovsk\u00e9m ve\u010dern\u00edku, kter\u00fd se probl\u00e9m\u016fm v lokalit\u011b v\u011bnoval.<\/p>\n\n\n\n<p>(Prost\u011bjovsk\u00fd ve\u010dern\u00edk &#8211; 18.10.2019, fotografie ze z\u00e1sahu 12.12.2020)<\/p>\n\n\n\n<p><strong>Pane Dopito, stal jste se jedn\u00edm z autor\u016f petice, v n\u00ed\u017e poukazujete na st\u00e1le se zvy\u0161uj\u00edc\u00ed probl\u00e9m v centru Prost\u011bjova. Pro\u010d se sem podle v\u00e1s stahuj\u00ed nep\u0159izp\u016fsobiv\u00ed ob\u010dan\u00e9?<\/strong><\/p>\n\n\n\n<p>P\u0159edem mus\u00edm poznamenat, \u017ee petici vyvolali sami ob\u010dan\u00e9, kte\u0159\u00ed se na n\u00e1s obr\u00e1tili s prosbou o pomoc. I kdy\u017e jsme v\u011bd\u011bli, \u017ee se v t\u011bchto m\u00edstech n\u011bco d\u011bje, skute\u010dnost n\u00e1s nep\u0159\u00edjemn\u011b p\u0159ekvapila. Po zve\u0159ejn\u011bn\u00ed se mi za\u010dala schr\u00e1nka messangeru plnit t\u011b\u017eko uv\u011b\u0159iteln\u00fdmi p\u0159\u00edb\u011bhy. Napaden\u00ed, pokus o vytr\u017een\u00ed kabelky, pliv\u00e1n\u00ed. Sami jsme byli sv\u011bdky n\u011b\u010deho, co m\u016f\u017eeme nazvat vyb\u00edr\u00e1n\u00edm m\u00fdtn\u00e9ho u sochy Ji\u0159\u00edho Wolkera. Vypad\u00e1 to jako \u017eebr\u00e1n\u00ed, ale kdy\u017e statn\u00fd mu\u017e zastoup\u00ed cestu \u017een\u011b nebo \u0161kol\u00e1kovi, s nap\u0159a\u017eenou rukou tak, \u017ee tito nemohou proj\u00edt a dal\u0161\u00ed t\u0159i jsou v zorn\u00e9m poli, hodn\u011b z nich rad\u011bji s\u00e1hne do pen\u011b\u017eenky a n\u011bjak\u00fd obnos vyd\u00e1. Situaci jsme \u0159e\u0161ili p\u0159ivol\u00e1n\u00edm hl\u00eddky M\u011bstsk\u00e9 policie. Tento postup doporu\u010dujeme ka\u017ed\u00e9mu, kdo by byl sv\u011bdkem podobn\u00e9ho chov\u00e1n\u00ed. Nesna\u017ete se to \u0159e\u0161it sami, nezn\u00e1te mo\u017enou formu a intenzitu p\u0159\u00edpadn\u00e9ho \u00fatoku . D\u011bje se zde toti\u017e n\u011bco, co osobn\u011b naz\u00fdv\u00e1m mikroterorem. Je to takov\u00e9 chov\u00e1n\u00ed, kdy situace v\u011bt\u0161inou je\u0161t\u011b nen\u00ed na p\u0159ivol\u00e1n\u00ed hl\u00eddky policie, ale nut\u00ed v\u00e1s to m\u011bnit sv\u00e9 chov\u00e1n\u00ed. Jako p\u0159\u00edklad mohu uv\u00e9st situaci u p\u0159echodu na \u00dajezd\u011b. T\u0159i zdatn\u00ed mu\u017ei se op\u0159ou o z\u00e1bradl\u00ed, a sv\u00e9 zadn\u00ed partie vystr\u010d\u00ed do chodn\u00edku, tak\u017ee prostor mezi nimi a zd\u00ed domu nen\u00ed \u0161ir\u0161\u00ed ne\u017e jeden metr. Pokud tam m\u00e1 proj\u00edt \u017eena, sp\u011bchaj\u00edc\u00ed od n\u00e1dra\u017e\u00ed sm\u011brem k radnici, zav\u00e1h\u00e1. Zav\u00e1h\u00e1 jednou, zav\u00e1h\u00e1 podruh\u00e9 a pak si najde n\u00e1hradn\u00ed trasu. Mikroteror n\u00e1s tak nut\u00ed m\u011bnit za\u017eit\u00e9 zvyky. M\u016f\u017ee tedy nastat situace, \u017ee do ur\u010dit\u00fdch \u010d\u00e1st\u00ed m\u011bsta lid\u00e9 prost\u011b p\u0159estanou chodit.<\/p>\n\n\n\n<p>Te\u010f k t\u00e9 druh\u00e9 \u010d\u00e1sti. Pro\u010d se sem st\u011bhuj\u00ed? Nemysl\u00edm si, \u017ee je to prim\u00e1rn\u011b jejich rozhodnut\u00ed. Jedn\u00e1 se obchod s chudobou. Je to zvl\u00e1\u0161tn\u00ed druh podnik\u00e1n\u00ed, p\u0159i kter\u00e9m si p\u0159edstavte fiktivn\u00ed nab\u00eddku: \u201eChcete investovat do rozpadl\u00e9ho domu v Prost\u011bjov\u011b? Kdy\u017e ho koup\u00edte, zajist\u00edme v\u00e1m n\u00e1jemn\u00edky pob\u00edraj\u00edc\u00ed p\u0159\u00edsp\u011bvky a doplatky na bydlen\u00ed.\u201c Pro\u010d je to tak v\u00fdhodn\u00e9? T\u0159eba proto, \u017ee jen p\u0159\u00edsp\u011bvek na bydlen\u00ed m\u016f\u017ee v Prost\u011bjov\u011b dos\u00e1hnout \u010d\u00e1stky a\u017e 12.507,-K\u010d na rodinu. \u010casto pak n\u00e1sleduje doplatek, co\u017e je d\u00e1vka pomoci v hmotn\u00e9 nouzi, kter\u00e1 pom\u00e1h\u00e1 dorovnat n\u00e1klady na bydlen\u00ed a vych\u00e1z\u00ed z existen\u010dn\u00edho a \u017eivotn\u00edho minima. Tito obchodn\u00edci s chudobou nastavuj\u00ed n\u00e1jemn\u00e9 na takovou v\u00fd\u0161i, kter\u00e1 neodpov\u00edd\u00e1 cenov\u00e9 map\u011b v dan\u00e9 lokalit\u011b. Zde se pt\u00e1m: \u201eKde je ze strany st\u00e1tu podpora mlad\u00fdch rodin, kter\u00e9 jsou ekonomicky \u010dinn\u00e9? Nejsou n\u00e1hodou trest\u00e1ny za to, \u017ee pro budoucnost svoj\u00ed a sv\u00fdch d\u011bt\u00ed n\u011bco d\u011blaj\u00ed a nespol\u00e9haj\u00ed se na st\u00e1t? Takovou v\u00fd\u0161i n\u00e1jemn\u00e9ho si toti\u017e nemohou dovolit\u201c<\/p>\n\n\n\n<p><strong>Kolik Prost\u011bjovan\u016f u\u017e tuto petici podepsalo a jak\u00e9 od nich sly\u0161\u00edte n\u00e1zory?<\/strong><\/p>\n\n\n\n<p>B\u011bhem p\u00e1r dn\u016f, kdy jsme sb\u00edrali podpisy u peti\u010dn\u00edho st\u00e1nku vedle \u00c1tria, podpo\u0159ilo na\u0161i petici p\u0159es 400 ob\u010dan\u016f. Co jsme sly\u0161eli nej\u010dast\u011bji, mimo toho, \u017ee m\u00e1me jejich podporu, tak p\u0159ipomenut\u00ed, \u017ee jsou i jin\u00e9 probl\u00e9mov\u00e9 lokality. \u017de je situace v\u00e1\u017en\u00e1 i mimo centrum m\u011bsta. Zvali n\u00e1s k hlavn\u00edmu n\u00e1dra\u017e\u00ed, na Olomouckou ulici, na \u0160\u00e1rku, na \u201ePujmanku\u201c.<\/p>\n\n\n\n<p>Nej\u010dast\u011bj\u0161\u00ed v\u011bta byla, \u017ee jsou r\u00e1di, \u017ee se kone\u010dn\u011b o tuto situaci n\u011bkdo za\u010dal zaj\u00edmat. Ptali se, jak je mo\u017en\u00e9, \u017ee ten, kdo celo\u017eivotn\u011b nepracuje, se m\u016f\u017ee poflakovat a st\u00e1t za n\u011bj v\u0161e zaplat\u00ed. P\u0159itom podpora mlad\u00fdm rodin\u00e1m je p\u0159\u00edmo tragick\u00e1. \u0158e\u0161\u00edme, \u017ee se rod\u00ed m\u00e1lo d\u011bt\u00ed, ale p\u0159itom \u0161t\u011bd\u0159e podporujeme ty, co na spole\u010dnosti parazituj\u00ed, nebo jsou dokonce z ur\u010dit\u00fdch kruh\u016f snahy dov\u00e1\u017eet migranty na dorovn\u00e1n\u00ed populace. To pova\u017euji rovnou za n\u00e1pad nesv\u00e9pr\u00e1vn\u00e9ho \u0161\u00edlence v dob\u011b, kdy popula\u010dn\u00ed exploze v Africe nese hlavn\u00ed pod\u00edl na tom, \u017ee je na Zemi ji\u017e skoro osm miliard lid\u00ed a do t\u0159iceti let by jich m\u011blo b\u00fdt ji\u017e pln\u00fdch deset miliard. To je ov\u0161em ji\u017e p\u0159\u00edli\u0161 glob\u00e1ln\u00ed t\u00e9ma a na samostatn\u00fd rozhovor.<\/p>\n\n\n\n<p><strong>Va\u0161e petice se projedn\u00e1vala tak\u00e9 na zastupitelstvu a setkala se s kladn\u00fdm ohlasem i u veden\u00ed magistr\u00e1tu. Jak\u00fd z toho m\u00e1te pocit?<\/strong><\/p>\n\n\n\n<p>Petice splnila sv\u016fj \u00fa\u010del a na n\u00e1vrh SPD byla p\u0159i zastupitelstvu z\u0159\u00edzena pracovn\u00ed skupina. T\u00edmto chci pod\u011bkovat v\u0161em petent\u016fm, kte\u0159\u00ed n\u00e1s podpo\u0159ili. R\u00e1d konstatuji, \u017ee se n\u00e1m vyplatilo i p\u0159edjedn\u00e1n\u00ed podpory nap\u0159\u00ed\u010d politick\u00fdm spektrem. Mus\u00edm pod\u011bkovat zejm\u00e9na panu prim\u00e1torovi, kter\u00fd n\u00e1\u0161 n\u00e1vrh na vznik pracovn\u00ed skupiny podpo\u0159il. Nen\u00ed to a\u017e takov\u00e9 p\u0159ekvapen\u00ed, proto\u017ee n\u00e1m v\u0161em jde o jedno. Aby centrum m\u011bsta z\u016fstalo \u010dist\u00e9 a bezpe\u010dn\u00e9 a ob\u010dan\u00e9 sem r\u00e1di chodili za z\u00e1bavou i odpo\u010dinkem.<\/p>\n\n\n\n<p><strong>Byla tedy z\u0159\u00edzena speci\u00e1ln\u00ed pracovn\u00ed skupina. Mysl\u00edte si, \u017ee ohledn\u011b probl\u00e9mu s asoci\u00e1ly v centru Prost\u011bjova bude m\u00edt s\u00edlu n\u011bco zm\u011bnit?<\/strong><\/p>\n\n\n\n<p>Je to probl\u00e9m, kter\u00fd tr\u00e1p\u00ed spoustu m\u011bst. Dokonce jsem sly\u0161el, \u017ee oproti situaci jinde, je to v Prost\u011bjov\u011b vlastn\u011b v pohod\u011b. Sna\u017e\u00ed se n\u00e1m namluvit, \u017ee kdy\u017e jsou jinde ve v\u00fdkalech po p\u00e1s, tak m\u00e1me b\u00fdt v klidu, kdy\u017e n\u00e1m dosahuj\u00ed pouze po kotn\u00edky. S t\u00edm nemohu souhlasit.Sice nemohu p\u0159edj\u00edmat, jak se cel\u00e1 kauza vyvine, ale ned\u011blat nic a jen rezignovan\u011b sledovat, jak se n\u00e1m centrum m\u011bsta m\u011bn\u00ed ve vylou\u010denou lokalitu, by bylo hodn\u011b \u0161patn\u00e9. Prob\u011bhla ji\u017e prvn\u00ed sch\u016fzka pracovn\u00ed skupiny a zat\u00edm jsem optimista.<\/p>\n\n\n\n<p>Budeme ov\u0161em pot\u0159ebovat pomoc ob\u010dan\u016f. Aby n\u011bjak\u00e1 lokalita byla vyhl\u00e1\u0161ena jako takzvan\u011b \u201ebezdoplatkov\u00e1\u201c, podle \u00a733d, z\u00e1kona \u010d. 111\/2006 Sb., o pomoci v hmotn\u00e9 nouzi, mus\u00ed zde b\u00fdt m\u011b\u0159iteln\u00fd n\u00e1r\u016fst p\u0159estupk\u016f a trestn\u00fdch \u010din\u016f. Oblast se zv\u00fd\u0161en\u00fdm v\u00fdskytem soci\u00e1ln\u011b ne\u017e\u00e1douc\u00edch jev\u016f m\u016f\u017ee toti\u017e vyhl\u00e1sit pouze odbor soci\u00e1ln\u00edch v\u011bc\u00ed na z\u00e1klad\u011b informaci od m\u011bstsk\u00e9 i st\u00e1tn\u00ed policie a od OSPOD. Vyz\u00fdv\u00e1me proto ob\u010dany, aby nebyli lhostejn\u00ed k tomu, co se kolem nich d\u011bje.<\/p>\n\n\n\n<p><strong>Je podle v\u00e1s mo\u017en\u00e9 centrum Prost\u011bjova zm\u011bnit v bezdoplatkovou z\u00f3nu na soci\u00e1ln\u00ed bydlen\u00ed?<\/strong><\/p>\n\n\n\n<p>Jak jsem ji\u017e \u0159ekl, nelze p\u0159edj\u00edmat, jak cel\u00e1 situace skon\u010d\u00ed, budeme pot\u0159ebovat podporu ob\u010dan\u016f, ale je na\u0161\u00ed povinnost\u00ed se o to sna\u017eit. D\u00e1t v\u0161em jasn\u00fd sign\u00e1l, \u017ee m\u011bsto Prost\u011bjov nebude ne\u010dinn\u011b sledovat, jak se centrum m\u011bn\u00ed ve vylou\u010denou lokalitu, ale bude se aktivn\u011b br\u00e1nit.<\/p>\n\n\n\n<p>Ov\u0161em zde si dovol\u00edm jinou \u00favahu. Ned\u00e1vno jsem otev\u0159el na soci\u00e1ln\u00edch s\u00edt\u00edch problematiku bezdomovc\u016f. Jeden mi hodn\u011b od plic vynadal u Lidlu, kdy\u017e jsem mu odm\u00edtl d\u00e1t pen\u00edze. Bylo mi jejich ochr\u00e1nci \u0159e\u010deno, \u017ee maj\u00ed pr\u00e1vo na sv\u016fj styl \u017eivota a nikdo je nem\u00e1 omezovat. Dob\u0159e, ale j\u00e1 \u0159\u00edk\u00e1m, \u017ee to mus\u00ed platit oboustrann\u011b. Oni tak\u00e9 nesm\u00ed omezovat nikoho jin\u00e9ho. Kolika lidem se stalo, \u017ee tito se od nich agresivn\u011b do\u017eadovali drobn\u00e9 finan\u010dn\u00ed \u010d\u00e1stky? Kde berou tu drzost, \u017ee ostatn\u00ed maj\u00ed financovat jejich zah\u00e1l\u010div\u00fd \u017eivot? Pokud by cht\u011bli \u0159e\u0161it svoji situaci, sehnali by v Prost\u011bjov\u011b zam\u011bstn\u00e1n\u00ed i s bydlen\u00edm na ubytovn\u011b a nemuseli by se sem nav\u00e1\u017eet zahrani\u010dn\u00ed d\u011bln\u00edci. Ale oni prac\u00ed ale pohrdaj\u00ed. T\u00edm bych tuto problematiku prozat\u00edm uzav\u0159el.<\/p>\n","protected":false},"excerpt":{"rendered":"<p>V souvislosti se v\u010derej\u0161\u00edm z\u00e1sahem Policie \u010cR na n\u00e1m\u011bst\u00ed Edmunda Husserla v Prost\u011bjov\u011b, proti vy\u0159izov\u00e1n\u00ed \u00fa\u010dt\u016f mezi gangy, se vrac\u00edm&hellip; <a class=\"read-more\" href=\"https:\/\/paveldopita.cz\/index.php\/2020\/12\/13\/na-namesti-edmunda-husserla-v-prostejove-klid-nebude\/\">Pokra\u010dovat ve \u010dten\u00ed<\/a><\/p>\n","protected":false},"author":1,"featured_media":55,"comment_status":"open","ping_status":"open","sticky":false,"template":"","format":"standard","meta":[],"categories":[1],"tags":[],"_links":{"self":[{"href":"https:\/\/paveldopita.cz\/index.php\/wp-json\/wp\/v2\/posts\/54"}],"collection":[{"href":"https:\/\/paveldopita.cz\/index.php\/wp-json\/wp\/v2\/posts"}],"about":[{"href":"https:\/\/paveldopita.cz\/index.php\/wp-json\/wp\/v2\/types\/post"}],"author":[{"embeddable":true,"href":"https:\/\/paveldopita.cz\/index.php\/wp-json\/wp\/v2\/users\/1"}],"replies":[{"embeddable":true,"href":"https:\/\/paveldopita.cz\/index.php\/wp-json\/wp\/v2\/comments?post=54"}],"version-history":[{"count":1,"href":"https:\/\/paveldopita.cz\/index.php\/wp-json\/wp\/v2\/posts\/54\/revisions"}],"predecessor-version":[{"id":57,"href":"https:\/\/paveldopita.cz\/index.php\/wp-json\/wp\/v2\/posts\/54\/revisions\/57"}],"wp:featuredmedia":[{"embeddable":true,"href":"https:\/\/paveldopita.cz\/index.php\/wp-json\/wp\/v2\/media\/55"}],"wp:attachment":[{"href":"https:\/\/paveldopita.cz\/index.php\/wp-json\/wp\/v2\/media?parent=54"}],"wp:term":[{"taxonomy":"category","embeddable":true,"href":"https:\/\/paveldopita.cz\/index.php\/wp-json\/wp\/v2\/categories?post=54"},{"taxonomy":"post_tag","embeddable":true,"href":"https:\/\/paveldopita.cz\/index.php\/wp-json\/wp\/v2\/tags?post=54"}],"curies":[{"name":"wp","href":"https:\/\/api.w.org\/{rel}","templated":true}]}}