{"id":600,"date":"2024-05-31T12:05:49","date_gmt":"2024-05-31T12:05:49","guid":{"rendered":"https:\/\/paveldopita.cz\/?p=600"},"modified":"2024-05-31T12:05:49","modified_gmt":"2024-05-31T12:05:49","slug":"sampionat-slovinska-na-bledu","status":"publish","type":"post","link":"https:\/\/paveldopita.cz\/index.php\/2024\/05\/31\/sampionat-slovinska-na-bledu\/","title":{"rendered":"\u0160ampion\u00e1t Slovinska na Bledu"},"content":{"rendered":"\n<p>Kr\u00e1tce po Z\u00e1horie tu m\u00e1me \u0160ampion\u00e1t Slovinska na Bledu, kam jedu jen na jedin\u00fd z\u00e1od. A rovnou ten nejt\u011b\u017e\u0161\u00ed. \u010cek\u00e1 na n\u00e1s 23 kilometr\u016f v kr\u00e1sn\u00e9 krajin\u011b s kope\u010dky, kde mi p\u0159ev\u00fd\u0161en\u00ed nakonec hodinky spo\u010d\u00edtaj\u00ed na 1500 metr\u016f. To jsou asi ty hendikepy \ud83d\ude00 . <\/p>\n\n\n\n<p>Start do kopce, to se dalo \u010dekat. Pokra\u010dov\u00e1n\u00ed st\u00e1le do kopce, no fajn. Pak strm\u00e1 st\u011bna dol\u016f, abychom mohhli zase do kopce. V tu dobu to bylo je\u0161t\u011b dobr\u00e9. P\u0159ek\u00e1\u017eky jsou dle o\u010dek\u00e1v\u00e1n\u00ed, jen mne p\u0159ekvapil Beater. daleko od sebe a je\u0161t\u011b p\u0159esazen\u00fd. Balanc jsou nalakovan\u00e9 desky. Pro mne smrt.<\/p>\n\n\n\n<p>Panoramatick\u00e9 v\u00fdhledy kr\u00e1sn\u00e9 a i kdy\u017e druh\u00e1 polovina m\u011bla b\u00fdt z kopce, zd\u00e1 se to, jako by to bylo naopak. Tyrol\u00e1k na pohodu, o\u0161t\u011bm m\u00edj\u00ed o p\u011bt centimetr\u016f ter\u010d a ji\u017e p\u0159ich\u00e1z\u00ed z\u00e1v\u011bre\u010dn\u00e9 koup\u00e1n\u00ed za odm\u011bnu. K tomu lano a multi-rig. No, a je z toho druh\u00e9 m\u00edsto v kategorii \ud83d\ude42 .<\/p>\n\n\n\n<figure class=\"wp-block-image size-large\"><img loading=\"lazy\" width=\"728\" height=\"1024\" src=\"https:\/\/paveldopita.cz\/wp-content\/uploads\/2024\/05\/sp314-728x1024.jpg\" alt=\"\" class=\"wp-image-603\" srcset=\"https:\/\/paveldopita.cz\/wp-content\/uploads\/2024\/05\/sp314-728x1024.jpg 728w, https:\/\/paveldopita.cz\/wp-content\/uploads\/2024\/05\/sp314-213x300.jpg 213w, https:\/\/paveldopita.cz\/wp-content\/uploads\/2024\/05\/sp314-768x1081.jpg 768w, https:\/\/paveldopita.cz\/wp-content\/uploads\/2024\/05\/sp314-1091x1536.jpg 1091w, https:\/\/paveldopita.cz\/wp-content\/uploads\/2024\/05\/sp314.jpg 1455w\" sizes=\"(max-width: 728px) 100vw, 728px\" \/><\/figure>\n\n\n\n<p>  <\/p>\n","protected":false},"excerpt":{"rendered":"<p>Kr\u00e1tce po Z\u00e1horie tu m\u00e1me \u0160ampion\u00e1t Slovinska na Bledu, kam jedu jen na jedin\u00fd z\u00e1od. A rovnou ten nejt\u011b\u017e\u0161\u00ed. \u010cek\u00e1&hellip; <a class=\"read-more\" href=\"https:\/\/paveldopita.cz\/index.php\/2024\/05\/31\/sampionat-slovinska-na-bledu\/\">Pokra\u010dovat ve \u010dten\u00ed<\/a><\/p>\n","protected":false},"author":1,"featured_media":602,"comment_status":"closed","ping_status":"","sticky":false,"template":"","format":"standard","meta":[],"categories":[1],"tags":[],"_links":{"self":[{"href":"https:\/\/paveldopita.cz\/index.php\/wp-json\/wp\/v2\/posts\/600"}],"collection":[{"href":"https:\/\/paveldopita.cz\/index.php\/wp-json\/wp\/v2\/posts"}],"about":[{"href":"https:\/\/paveldopita.cz\/index.php\/wp-json\/wp\/v2\/types\/post"}],"author":[{"embeddable":true,"href":"https:\/\/paveldopita.cz\/index.php\/wp-json\/wp\/v2\/users\/1"}],"replies":[{"embeddable":true,"href":"https:\/\/paveldopita.cz\/index.php\/wp-json\/wp\/v2\/comments?post=600"}],"version-history":[{"count":2,"href":"https:\/\/paveldopita.cz\/index.php\/wp-json\/wp\/v2\/posts\/600\/revisions"}],"predecessor-version":[{"id":604,"href":"https:\/\/paveldopita.cz\/index.php\/wp-json\/wp\/v2\/posts\/600\/revisions\/604"}],"wp:featuredmedia":[{"embeddable":true,"href":"https:\/\/paveldopita.cz\/index.php\/wp-json\/wp\/v2\/media\/602"}],"wp:attachment":[{"href":"https:\/\/paveldopita.cz\/index.php\/wp-json\/wp\/v2\/media?parent=600"}],"wp:term":[{"taxonomy":"category","embeddable":true,"href":"https:\/\/paveldopita.cz\/index.php\/wp-json\/wp\/v2\/categories?post=600"},{"taxonomy":"post_tag","embeddable":true,"href":"https:\/\/paveldopita.cz\/index.php\/wp-json\/wp\/v2\/tags?post=600"}],"curies":[{"name":"wp","href":"https:\/\/api.w.org\/{rel}","templated":true}]}}