{"id":733,"date":"2024-09-30T18:04:56","date_gmt":"2024-09-30T18:04:56","guid":{"rendered":"https:\/\/paveldopita.cz\/?p=733"},"modified":"2024-09-30T18:04:56","modified_gmt":"2024-09-30T18:04:56","slug":"velke-podekovani","status":"publish","type":"post","link":"https:\/\/paveldopita.cz\/index.php\/2024\/09\/30\/velke-podekovani\/","title":{"rendered":"Velk\u00e9 pod\u011bkov\u00e1n\u00ed."},"content":{"rendered":"\n<p>D\u011bkuji v\u0161em voli\u010d\u016fm, kte\u0159\u00ed mi dali sv\u016fj hlas a p\u0159edev\u0161\u00edm t\u011bm, kte\u0159\u00ed si na\u0161li \u010das a z\u00fa\u010dastnili se voleb i ve druh\u00e9m kole. Bylo v\u00e1s opravdu hodn\u011b a ta d\u016fv\u011bra zavazuje. Sou\u010dasn\u011b gratuluji v\u00edt\u011bzi, panu Franti\u0161ku Jurovi, a d\u011bkuji mu za f\u00e9rov\u011b vedenou kampa\u0148.<\/p>\n\n\n\n<p>Co se t\u00fdk\u00e1 mal\u00e9 \u00fa\u010dasti ve druh\u00e9m kole sen\u00e1tn\u00edch voleb, probl\u00e9m vid\u00edm v tom, \u017ee lid\u00e9 pova\u017euj\u00ed sen\u00e1t za n\u011bco zbyte\u010dn\u00e9ho, a nem\u00e1 tedy takovou v\u00e1\u017enost jako poslaneck\u00e1 sn\u011bmovna. Je pot\u0159eba informovat, \u017ee n\u011bkter\u00e9 z\u00e1kony bez souhlasu sen\u00e1tu neprojdou. Jako p\u0159\u00edklad mohu uv\u00e9st Istanbulskou \u00famluvu, kterou naz\u00fdv\u00e1m \u010f\u00e1belskou lst\u00ed. P\u0159edstavuje se jako d\u016fle\u017eit\u00fd dokument na ochranu \u017een p\u0159ed t\u00fdr\u00e1n\u00edm, p\u0159itom jeho skryt\u00e1 \u010d\u00e1st m\u00e1 slou\u017eit k rozkladu tradi\u010dn\u00ed rodiny. Zrovna tato \u00famluva d\u00edky sen\u00e1tu u n\u00e1s na\u0161t\u011bst\u00ed nepro\u0161la. Toto bylo m\u00e1lo zd\u016fraz\u0148ov\u00e1no.<\/p>\n\n\n\n<p>Jak\u00ed mne \u010dek\u00e1 budoucnost? Budu pokra\u010dovat v pr\u00e1ci v prost\u011bjovsk\u00e9m zastupitelstvu. \u00dakol\u016f je p\u0159ed n\u00e1mi hodn\u011b. Vzpomenu dva z\u00e1sadn\u00ed. Jak to bude s vodou po roce 2030 a sou\u010dasn\u011b, jak se k tomuto roku vypo\u0159\u00e1d\u00e1me se z\u00e1kazem skl\u00e1dkov\u00e1n\u00ed komun\u00e1ln\u00edho odpadu? V osobn\u00edm \u017eivot\u011b se d\u00e1l budu p\u0159ipravovat na p\u0159ek\u00e1\u017ekov\u00e9 z\u00e1vody Spartan race, kde se mi letos da\u0159ilo. Po \u0161edes\u00e1tce ka\u017ed\u00fd z\u00e1vod bol\u00ed dvojn\u00e1sobn\u011b a bez dobr\u00e9 p\u0159\u00edpravy to nejde.<\/p>\n\n\n\n<p>Je\u0161t\u011b jednou d\u011bkuji a t\u011b\u0161\u00edm se na dal\u0161\u00ed akce, kde se budeme potk\u00e1vat.<\/p>\n","protected":false},"excerpt":{"rendered":"<p>D\u011bkuji v\u0161em voli\u010d\u016fm, kte\u0159\u00ed mi dali sv\u016fj hlas a p\u0159edev\u0161\u00edm t\u011bm, kte\u0159\u00ed si na\u0161li \u010das a z\u00fa\u010dastnili se voleb i&hellip; <a class=\"read-more\" href=\"https:\/\/paveldopita.cz\/index.php\/2024\/09\/30\/velke-podekovani\/\">Pokra\u010dovat ve \u010dten\u00ed<\/a><\/p>\n","protected":false},"author":1,"featured_media":736,"comment_status":"closed","ping_status":"","sticky":false,"template":"","format":"standard","meta":[],"categories":[1],"tags":[],"_links":{"self":[{"href":"https:\/\/paveldopita.cz\/index.php\/wp-json\/wp\/v2\/posts\/733"}],"collection":[{"href":"https:\/\/paveldopita.cz\/index.php\/wp-json\/wp\/v2\/posts"}],"about":[{"href":"https:\/\/paveldopita.cz\/index.php\/wp-json\/wp\/v2\/types\/post"}],"author":[{"embeddable":true,"href":"https:\/\/paveldopita.cz\/index.php\/wp-json\/wp\/v2\/users\/1"}],"replies":[{"embeddable":true,"href":"https:\/\/paveldopita.cz\/index.php\/wp-json\/wp\/v2\/comments?post=733"}],"version-history":[{"count":1,"href":"https:\/\/paveldopita.cz\/index.php\/wp-json\/wp\/v2\/posts\/733\/revisions"}],"predecessor-version":[{"id":737,"href":"https:\/\/paveldopita.cz\/index.php\/wp-json\/wp\/v2\/posts\/733\/revisions\/737"}],"wp:featuredmedia":[{"embeddable":true,"href":"https:\/\/paveldopita.cz\/index.php\/wp-json\/wp\/v2\/media\/736"}],"wp:attachment":[{"href":"https:\/\/paveldopita.cz\/index.php\/wp-json\/wp\/v2\/media?parent=733"}],"wp:term":[{"taxonomy":"category","embeddable":true,"href":"https:\/\/paveldopita.cz\/index.php\/wp-json\/wp\/v2\/categories?post=733"},{"taxonomy":"post_tag","embeddable":true,"href":"https:\/\/paveldopita.cz\/index.php\/wp-json\/wp\/v2\/tags?post=733"}],"curies":[{"name":"wp","href":"https:\/\/api.w.org\/{rel}","templated":true}]}}