{"id":746,"date":"2024-10-13T16:29:39","date_gmt":"2024-10-13T16:29:39","guid":{"rendered":"https:\/\/paveldopita.cz\/?p=746"},"modified":"2024-10-13T16:29:39","modified_gmt":"2024-10-13T16:29:39","slug":"drakiada-ve-vrahovicich-2","status":"publish","type":"post","link":"https:\/\/paveldopita.cz\/index.php\/2024\/10\/13\/drakiada-ve-vrahovicich-2\/","title":{"rendered":"Draki\u00e1da ve Vrahovic\u00edch"},"content":{"rendered":"\n<p>Volby jsou za n\u00e1mi a je op\u011bt \u010das na pravideln\u00e9 akce. Po roce tu tedy m\u00e1me op\u011bt Draki\u00e1du a op\u011bt v Biocentru U soutoku, kterou po\u0159\u00e1d\u00e1me se spolkem Na\u0161e Vrahovice z.s.. Stejn\u011b jako loni doneseme ro\u0161t na op\u00e9k\u00e1n\u00ed \u0161pek\u00e1\u010dk\u016f. Ty si tedy ji\u017e mus\u00edte p\u0159in\u00e9st vlastn\u00ed. A kdo vezme i n\u011bjak\u00e9 to pol\u00ednko, tomu osobn\u011b pod\u011bkuji. P\u0159edev\u0161\u00edm si ale vezm\u011bte d\u011bti, draky a dobrou n\u00e1ladu. A nezapome\u0148te na ty \u0161pek\u00e1\u010dky.<\/p>\n\n\n\n<p>Fotografick\u00e1 kol\u00e1\u017e z lo\u0148ska.<\/p>\n\n\n\n<figure class=\"wp-block-image size-large\"><img loading=\"lazy\" width=\"1024\" height=\"656\" src=\"https:\/\/paveldopita.cz\/wp-content\/uploads\/2024\/10\/drakiada2023-1024x656.jpg\" alt=\"\" class=\"wp-image-749\" srcset=\"https:\/\/paveldopita.cz\/wp-content\/uploads\/2024\/10\/drakiada2023-1024x656.jpg 1024w, https:\/\/paveldopita.cz\/wp-content\/uploads\/2024\/10\/drakiada2023-300x192.jpg 300w, https:\/\/paveldopita.cz\/wp-content\/uploads\/2024\/10\/drakiada2023-768x492.jpg 768w, https:\/\/paveldopita.cz\/wp-content\/uploads\/2024\/10\/drakiada2023-1536x983.jpg 1536w, https:\/\/paveldopita.cz\/wp-content\/uploads\/2024\/10\/drakiada2023.jpg 2048w\" sizes=\"(max-width: 1024px) 100vw, 1024px\" \/><figcaption>Draki\u00e1da Vrahovice<\/figcaption><\/figure>\n","protected":false},"excerpt":{"rendered":"<p>Volby jsou za n\u00e1mi a je op\u011bt \u010das na pravideln\u00e9 akce. Po roce tu tedy m\u00e1me op\u011bt Draki\u00e1du a op\u011bt&hellip; <a class=\"read-more\" href=\"https:\/\/paveldopita.cz\/index.php\/2024\/10\/13\/drakiada-ve-vrahovicich-2\/\">Pokra\u010dovat ve \u010dten\u00ed<\/a><\/p>\n","protected":false},"author":1,"featured_media":748,"comment_status":"closed","ping_status":"","sticky":false,"template":"","format":"standard","meta":[],"categories":[1],"tags":[],"_links":{"self":[{"href":"https:\/\/paveldopita.cz\/index.php\/wp-json\/wp\/v2\/posts\/746"}],"collection":[{"href":"https:\/\/paveldopita.cz\/index.php\/wp-json\/wp\/v2\/posts"}],"about":[{"href":"https:\/\/paveldopita.cz\/index.php\/wp-json\/wp\/v2\/types\/post"}],"author":[{"embeddable":true,"href":"https:\/\/paveldopita.cz\/index.php\/wp-json\/wp\/v2\/users\/1"}],"replies":[{"embeddable":true,"href":"https:\/\/paveldopita.cz\/index.php\/wp-json\/wp\/v2\/comments?post=746"}],"version-history":[{"count":2,"href":"https:\/\/paveldopita.cz\/index.php\/wp-json\/wp\/v2\/posts\/746\/revisions"}],"predecessor-version":[{"id":750,"href":"https:\/\/paveldopita.cz\/index.php\/wp-json\/wp\/v2\/posts\/746\/revisions\/750"}],"wp:featuredmedia":[{"embeddable":true,"href":"https:\/\/paveldopita.cz\/index.php\/wp-json\/wp\/v2\/media\/748"}],"wp:attachment":[{"href":"https:\/\/paveldopita.cz\/index.php\/wp-json\/wp\/v2\/media?parent=746"}],"wp:term":[{"taxonomy":"category","embeddable":true,"href":"https:\/\/paveldopita.cz\/index.php\/wp-json\/wp\/v2\/categories?post=746"},{"taxonomy":"post_tag","embeddable":true,"href":"https:\/\/paveldopita.cz\/index.php\/wp-json\/wp\/v2\/tags?post=746"}],"curies":[{"name":"wp","href":"https:\/\/api.w.org\/{rel}","templated":true}]}}