{"id":769,"date":"2024-11-05T13:13:50","date_gmt":"2024-11-05T13:13:50","guid":{"rendered":"https:\/\/paveldopita.cz\/?p=769"},"modified":"2024-11-05T13:13:50","modified_gmt":"2024-11-05T13:13:50","slug":"ohlednuti-za-polovinou-zastupitelstva-a-velka-podekovani-clanek-rl-10-24","status":"publish","type":"post","link":"https:\/\/paveldopita.cz\/index.php\/2024\/11\/05\/ohlednuti-za-polovinou-zastupitelstva-a-velka-podekovani-clanek-rl-10-24\/","title":{"rendered":"Ohl\u00e9dnut\u00ed za polovinou zastupitelstva a velk\u00e1 pod\u011bkov\u00e1n\u00ed &#8211; \u010dl\u00e1nek RL 10\/24"},"content":{"rendered":"\n<p>M\u00e1me za sebou polovinu funk\u010dn\u00edho obdob\u00ed tohoto zastupitelstva a je \u010das na bilancov\u00e1n\u00ed. Nejprve tu m\u00e1m ale dv\u011b pod\u011bkov\u00e1n\u00ed. Prvn\u00ed pat\u0159\u00ed v\u00e1m, co zde \u010dtete moje \u010dl\u00e1nky a reagujete na n\u011b. Tato zp\u011btn\u00e1 vazba je pro m\u011b velmi d\u016fle\u017eit\u00e1. Mo\u017en\u00e1 ne p\u0159ekvapiv\u011b jsem dostal od v\u00e1s dotazy i k posledn\u00edmu \u010dl\u00e1nku o \u0161mejdech. Jednalo se mimo jin\u00e9 i o investice do firemn\u00edch dluhopis\u016f. Odpov\u00edd\u00e1m ka\u017ed\u00e9mu a v\u00edce najdete na www.paveldopita.cz .<\/p>\n\n\n\n<p>Druh\u00e9 pod\u011bkov\u00e1n\u00ed pat\u0159\u00ed v\u00e1m, kte\u0159\u00ed jste mi dali d\u016fv\u011bru v sen\u00e1tn\u00edch volb\u00e1ch, a zejm\u00e9na t\u011bm, co p\u0159i\u0161li k volb\u00e1m do druh\u00e9ho kola. Snad za to m\u016f\u017ee fakt, \u017ee dlouhodob\u011b p\u0159edstavuji stejn\u00e9 n\u00e1zory, mo\u017en\u00e1 i slu\u0161n\u011b veden\u00e1 kampa\u0148, kdy jsem se zam\u011b\u0159il sp\u00ed\u0161e na sebe ne\u017e na protikandid\u00e1ty. T\u0159eba v\u00e1s i p\u0159esv\u011bd\u010dilo, \u017ee se mi poda\u0159ilo z\u00edskat otev\u0159enou \u010di skrytou podporu stran na vlasteneck\u00e9m, \u010di chcete li euroskeptick\u00e9m k\u0159\u00eddle, a nikdo proti mn\u011b nepostavil sv\u00e9ho protikandid\u00e1ta. Zn\u00e1m\u00fd je m\u016fj kritick\u00fd pohled na Green deal a zejm\u00e9na z\u00e1kaz spalovac\u00edch motor\u016f, migra\u010dn\u00ed pakt \u010di Istanbulskou \u00famluvu a pova\u017euji za d\u016fle\u017eit\u00e9 dostat do vrcholov\u00e9 politiky trochu toho zdrav\u00e9ho selsk\u00e9ho rozumu. D\u011bkuji v\u00e1m za d\u016fv\u011bru.<\/p>\n\n\n\n<p>Te\u010f ji\u017e k uplynul\u00fdm dv\u011bma let\u016fm v prost\u011bjovsk\u00e9m zastupitelstvu. Jsme po ANO druhou nejsiln\u011bj\u0161\u00ed samostatn\u011b kandiduj\u00edc\u00ed stranou, a i kdy\u017e jsme v opozici, sna\u017e\u00edme se o konstruktivn\u00ed p\u0159\u00edstup, kde prioritou je prosperita na\u0161eho m\u011bsta a jeho ob\u010dan\u016f. \u00dakol\u016f, kter\u00e9 p\u0159ed n\u00e1mi st\u00e1ly a stoj\u00ed, nen\u00ed m\u00e1lo. \u010casto zde hraje jednu z hlavn\u00edch rol\u00ed finan\u010dn\u00ed obez\u0159etnost. Jak to tedy vn\u00edm\u00e1m j\u00e1?<\/p>\n\n\n\n<p>Snad nejd\u00e9le se z t\u011bchto \u00fakol\u016f \u0159e\u0161\u00ed KASCo. Ot\u00e1zka zn\u011bla, v jak\u00e9m rozsahu se provedou \u00fapravy, kter\u00e1 by n\u00e1m zachovaly n\u00e1\u0161 nejv\u011bt\u0161\u00ed spole\u010densk\u00fd s\u00e1l pro budoucnost. Pohybujeme se v rozsahu od asi sedmdes\u00e1ti milion\u016f a\u017e po p\u016fl miliardy. Nebudu lh\u00e1t, \u017ee proti st\u00e1vaj\u00edc\u00edmu vnit\u0159n\u00edmu vzhledu nem\u00e1m n\u00e1mitky, tak\u017ee kdy\u017e se p\u0159ed\u011blaj\u00ed rozvody, budou nov\u00e9 z\u00e1chody a parkety v hlavn\u00edm s\u00e1le, kdy tyto pr\u00e1ce ji\u017e prob\u00edhaj\u00ed, kompletn\u00ed rekonstrukci bych nechal na pozd\u011bji.<\/p>\n\n\n\n<p>Nyn\u00ed Prost\u011bjovem h\u00fdbe nov\u00fd baz\u00e9n s vodn\u00edm sv\u011btem. Zde je to ot\u00e1zka financ\u00ed, a to nejen na samotnou v\u00fdstavbu, ale i na provoz. Jako aktivn\u00ed plavec sleduji, \u017ee se m\u011bn\u00ed priority obyvatelstva a v\u011bt\u0161\u00ed n\u00e1v\u0161t\u011bvnost maj\u00ed akvaparky a amat\u00e9rsk\u00fdch plavc\u016f ub\u00fdv\u00e1. Pokud tedy nechceme m\u011bsto zadlu\u017eit jednou miliardou a des\u00edtkami milion\u016f ro\u010dn\u011b na provoz, je nutn\u00fd kompromis. V ka\u017ed\u00e9m p\u0159\u00edpad\u011b z\u016fst\u00e1v\u00e1m na stran\u011b amat\u00e9rsk\u00fdch plavc\u016f a rodin s d\u011btmi, kter\u00e9 mimo jin\u00e9 ten zmi\u0148ovan\u00fd provoz pozd\u011bji zaplat\u00ed.<\/p>\n\n\n\n<p>Velk\u00e9 t\u00e9ma budou i nad\u00e1le odpady, kdy od roku 2030 bude z\u00e1kaz skl\u00e1dkov\u00e1n\u00ed a Olomouck\u00fd kraj st\u00e1le hled\u00e1 \u0159e\u0161en\u00ed. Podle \u010cS\u00da produkuje Olomouck\u00fd kraj v<\/p>\n\n\n\n<p>obc\u00edch 240 tis\u00edc tun komun\u00e1ln\u00edho odpadu (celkem 340tis.tun), Na Prost\u011bjovsku to je asi 40 tis\u00edc tun. Tyto objemy po roce 2030 bu\u010fto zpracujeme, nebo se budou shroma\u017e\u010fovat v m\u00edst\u011b vzniku a \u010dekat na zpracov\u00e1n\u00ed. To jsou asi ty haldy odpadk\u016f, po kter\u00fdch volaj\u00ed zastupitel\u00e9, kte\u0159\u00ed \u00fato\u010d\u00ed na pl\u00e1novanou linku na v\u00fdrobu TAP\u016f, kter\u00e1 vy\u0159e\u0161\u00ed tento probl\u00e9m na Prost\u011bjovsku. St\u00e1le opakuji, komun\u00e1ln\u00ed odpad m\u016f\u017eete bu\u010fto sp\u00e1lit nebo rozt\u0159\u00eddit a sp\u00e1lit. Jin\u00e9 \u0159e\u0161en\u00ed skute\u010dn\u011b neexistuje.<\/p>\n\n\n\n<p>Dal\u0161\u00edm rozhodnut\u00edm, kter\u00e9 n\u00e1s \u010dek\u00e1, je jak d\u00e1l s vodou po skon\u010den\u00ed st\u00e1vaj\u00edc\u00ed smlouvy s Veoli\u00ed. V podstat\u011b se n\u00e1m nab\u00edz\u00ed po n\u011bjakou dobu p\u0159ed\u010dasn\u011b p\u0159ej\u00edt na spole\u010dn\u00fd podnik, se zru\u0161en\u00edm st\u00e1vaj\u00edc\u00ed smlouvy, nebo po jej\u00edm vypr\u0161en\u00ed p\u0159evz\u00edt cel\u00e9 a pot\u00e9 si spravovat sami. To je to, co v \u010dl\u00e1nc\u00edch naz\u00fdv\u00e1m zelenou loukou. M\u016fj n\u00e1zor je, \u017ee finan\u010dn\u011b se to nebude moc li\u0161it, p\u0159esto jsem pro variantu zelen\u00e9 louky. Co se t\u00fdk\u00e1 aktu\u00e1ln\u00edch soudn\u00edch rozhodnut\u00ed, pr\u016fb\u011b\u017en\u011b je studuji, a jsem zna\u010dn\u011b skeptick\u00fd, \u017ee by do\u0161lo k n\u011bjak\u00e9mu rozhodnut\u00ed do roku 2030.<\/p>\n\n\n\n<p>Samostatnou kapitolou, kter\u00e1 je teprve p\u0159ed n\u00e1mi, je parkov\u00e1n\u00ed, a to nejen v centru m\u011bsta. Modr\u00e9 z\u00f3ny, parkovac\u00ed domy. Zejm\u00e9na kdy\u017e zde bude op\u011bt mnoho protich\u016fdn\u00fdch n\u00e1zor\u016f.<\/p>\n\n\n\n<p>\u010cek\u00e1 n\u00e1s tedy n\u00e1sleduj\u00edc\u00ed dva roky hodn\u011b pr\u00e1ce, a to nejen u t\u011bchto zmi\u0148ovan\u00fdch \u00fakol\u016f. Jsem proto r\u00e1d, \u017ee m\u00e1me zastoupen\u00ed ve v\u0161ech v\u00fdborech a komis\u00edch m\u011bsta, kde na\u0161li uplatn\u011bn\u00ed nejen zastupitel\u00e9, ale i dal\u0161\u00ed odborn\u00edci z \u0159ad SPD nebo na\u0161ich sympatizant\u016f.<\/p>\n\n\n\n<p>Roz\u0161\u00ed\u0159enou verzi \u010dl\u00e1nku naleznete jako v\u017edy na www.paveldopita.cz .<\/p>\n\n\n\n<p>A je\u0161t\u011b jako origin\u00e1l z ti\u0161t\u011bn\u00e9 verze:<\/p>\n\n\n\n<figure class=\"wp-block-image size-large\"><img loading=\"lazy\" width=\"1024\" height=\"964\" src=\"https:\/\/paveldopita.cz\/wp-content\/uploads\/2024\/11\/prl1024-text-1024x964.jpg\" alt=\"Pavel Dopita - Radni\u010dn\u00ed listy\" class=\"wp-image-772\" srcset=\"https:\/\/paveldopita.cz\/wp-content\/uploads\/2024\/11\/prl1024-text-1024x964.jpg 1024w, https:\/\/paveldopita.cz\/wp-content\/uploads\/2024\/11\/prl1024-text-300x282.jpg 300w, https:\/\/paveldopita.cz\/wp-content\/uploads\/2024\/11\/prl1024-text-768x723.jpg 768w, https:\/\/paveldopita.cz\/wp-content\/uploads\/2024\/11\/prl1024-text.jpg 1077w\" sizes=\"(max-width: 1024px) 100vw, 1024px\" \/><figcaption>Pavel Dopita &#8211; Radni\u010dn\u00ed listy<\/figcaption><\/figure>\n","protected":false},"excerpt":{"rendered":"<p>M\u00e1me za sebou polovinu funk\u010dn\u00edho obdob\u00ed tohoto zastupitelstva a je \u010das na bilancov\u00e1n\u00ed. Nejprve tu m\u00e1m ale dv\u011b pod\u011bkov\u00e1n\u00ed. Prvn\u00ed&hellip; <a class=\"read-more\" href=\"https:\/\/paveldopita.cz\/index.php\/2024\/11\/05\/ohlednuti-za-polovinou-zastupitelstva-a-velka-podekovani-clanek-rl-10-24\/\">Pokra\u010dovat ve \u010dten\u00ed<\/a><\/p>\n","protected":false},"author":1,"featured_media":771,"comment_status":"closed","ping_status":"","sticky":false,"template":"","format":"standard","meta":[],"categories":[1],"tags":[],"_links":{"self":[{"href":"https:\/\/paveldopita.cz\/index.php\/wp-json\/wp\/v2\/posts\/769"}],"collection":[{"href":"https:\/\/paveldopita.cz\/index.php\/wp-json\/wp\/v2\/posts"}],"about":[{"href":"https:\/\/paveldopita.cz\/index.php\/wp-json\/wp\/v2\/types\/post"}],"author":[{"embeddable":true,"href":"https:\/\/paveldopita.cz\/index.php\/wp-json\/wp\/v2\/users\/1"}],"replies":[{"embeddable":true,"href":"https:\/\/paveldopita.cz\/index.php\/wp-json\/wp\/v2\/comments?post=769"}],"version-history":[{"count":2,"href":"https:\/\/paveldopita.cz\/index.php\/wp-json\/wp\/v2\/posts\/769\/revisions"}],"predecessor-version":[{"id":773,"href":"https:\/\/paveldopita.cz\/index.php\/wp-json\/wp\/v2\/posts\/769\/revisions\/773"}],"wp:featuredmedia":[{"embeddable":true,"href":"https:\/\/paveldopita.cz\/index.php\/wp-json\/wp\/v2\/media\/771"}],"wp:attachment":[{"href":"https:\/\/paveldopita.cz\/index.php\/wp-json\/wp\/v2\/media?parent=769"}],"wp:term":[{"taxonomy":"category","embeddable":true,"href":"https:\/\/paveldopita.cz\/index.php\/wp-json\/wp\/v2\/categories?post=769"},{"taxonomy":"post_tag","embeddable":true,"href":"https:\/\/paveldopita.cz\/index.php\/wp-json\/wp\/v2\/tags?post=769"}],"curies":[{"name":"wp","href":"https:\/\/api.w.org\/{rel}","templated":true}]}}