{"id":775,"date":"2024-11-05T13:37:33","date_gmt":"2024-11-05T13:37:33","guid":{"rendered":"https:\/\/paveldopita.cz\/?p=775"},"modified":"2024-11-05T14:03:15","modified_gmt":"2024-11-05T14:03:15","slug":"pochod-za-mir-17-11-2024","status":"publish","type":"post","link":"https:\/\/paveldopita.cz\/index.php\/2024\/11\/05\/pochod-za-mir-17-11-2024\/","title":{"rendered":"Pochod za m\u00edr &#8211; 17. 11. 2024"},"content":{"rendered":"\n<p>P\u016fvodn\u011b pl\u00e1novan\u00fd Pochod za m\u00edr jsme v Prost\u011bjov\u011b z d\u016fvodu ne\u010dekan\u00fdch z\u00e1plav v na\u0161\u00ed zemi zru\u0161ili. Sl\u00edbil jsem n\u00e1hradu je\u0161t\u011b v tomto roce. Kdy jindy, ne\u017e kdy\u017e si p\u0159ipom\u00edn\u00e1me rovnou dv\u011b v\u00fdro\u010d\u00ed v jeden den. Jedno m\u00e1 s m\u00edrem hodn\u011b spole\u010dn\u00e9ho. Mysl\u00edm uzav\u0159en\u00ed vysok\u00fdch \u0161kol po studentsk\u00fdch demonstrac\u00edch na podzim roku 1939.<\/p>\n\n\n\n<p>Lid\u00e9 si tenkr\u00e1t p\u0159ipom\u00ednali zak\u00e1zan\u00fd sv\u00e1tek 28. \u0159\u00edjna, kdy\u017e do nich nechala okupa\u010dn\u00ed moc st\u0159\u00edlet, a na m\u00edst\u011b z\u016fstal le\u017eet mrtv\u00fd d\u011bln\u00edk V\u00e1clav Sedl\u00e1\u010dek a v\u00e1\u017en\u011b post\u0159elen byl student Jan Opletal. Ten na n\u00e1sledky sv\u00e9ho zran\u011bn\u00ed 11. listopadu zem\u0159el. Jeho poh\u0159eb, 15. listopadu, byl pak impulsem pro dal\u0161\u00ed otev\u0159en\u00fd odpor, po kter\u00e9m bylo popraveno dev\u011bt student\u016f a uzav\u0159eny vysk\u00e9 \u0161koly.<\/p>\n\n\n\n<p>Druh\u00e9 v\u00fdro\u010d\u00ed je takov\u00e9 zvl\u00e1\u0161tn\u00ed. Sametov\u00e1 revoluce v roce 1989 m\u011bla zm\u011bnit v\u0161e k lep\u0161\u00edmu, ale jak u\u017e to tak b\u00fdv\u00e1, ne v\u0161e se povedlo. Dalo by se \u0159\u00edct, \u017ee to byla sp\u00ed\u0161e ukraden\u00e1 revoluce, kdy se po n\u00ed v\u00edc kradlo, ne\u017e budovalo. Nyn\u00ed \u017eijeme v zemi, kde n\u00e1m op\u011bt na\u0159izuj\u00ed co si m\u00e1me myslet, co je ta spr\u00e1vn\u00e1 pravda. V zemi, kter\u00e1 je v\u00edce \u010di m\u00e9n\u011b vtahov\u00e1na svou vl\u00e1dou do ciz\u00ed v\u00e1lky. V zemi, kde n\u00e1m u\u017e toho pat\u0159\u00ed jen hodn\u011b m\u00e1lo. Co n\u00e1m ale z\u016fstalo, je na\u0161e hrdost. Proto v\u00e1s srde\u010dn\u011b zvu na Pochod za m\u00edr, kde si p\u0159ipomeneme nejen minulost, ale d\u00e1me najevo, \u017ee n\u00e1m nen\u00ed lhostejn\u00e1 budoucnost.<\/p>\n\n\n\n<p>T\u011b\u0161\u00edm se na v\u00e1s.<\/p>\n\n\n\n<p> <\/p>\n\n\n\n<figure class=\"wp-block-image size-large\"><img loading=\"lazy\" width=\"1024\" height=\"741\" src=\"https:\/\/paveldopita.cz\/wp-content\/uploads\/2024\/11\/cesrepzamir20241117-1800-1024x741.jpg\" alt=\"\" class=\"wp-image-776\" srcset=\"https:\/\/paveldopita.cz\/wp-content\/uploads\/2024\/11\/cesrepzamir20241117-1800-1024x741.jpg 1024w, https:\/\/paveldopita.cz\/wp-content\/uploads\/2024\/11\/cesrepzamir20241117-1800-300x217.jpg 300w, https:\/\/paveldopita.cz\/wp-content\/uploads\/2024\/11\/cesrepzamir20241117-1800-768x556.jpg 768w, https:\/\/paveldopita.cz\/wp-content\/uploads\/2024\/11\/cesrepzamir20241117-1800-1536x1112.jpg 1536w, https:\/\/paveldopita.cz\/wp-content\/uploads\/2024\/11\/cesrepzamir20241117-1800.jpg 1800w\" sizes=\"(max-width: 1024px) 100vw, 1024px\" \/><figcaption>\u010cesk\u00e1 republika za m\u00edr &#8211; Pochod za m\u00edr<\/figcaption><\/figure>\n","protected":false},"excerpt":{"rendered":"<p>P\u016fvodn\u011b pl\u00e1novan\u00fd Pochod za m\u00edr jsme v Prost\u011bjov\u011b z d\u016fvodu ne\u010dekan\u00fdch z\u00e1plav v na\u0161\u00ed zemi zru\u0161ili. Sl\u00edbil jsem n\u00e1hradu je\u0161t\u011b&hellip; <a class=\"read-more\" href=\"https:\/\/paveldopita.cz\/index.php\/2024\/11\/05\/pochod-za-mir-17-11-2024\/\">Pokra\u010dovat ve \u010dten\u00ed<\/a><\/p>\n","protected":false},"author":1,"featured_media":774,"comment_status":"closed","ping_status":"","sticky":false,"template":"","format":"standard","meta":[],"categories":[1],"tags":[],"_links":{"self":[{"href":"https:\/\/paveldopita.cz\/index.php\/wp-json\/wp\/v2\/posts\/775"}],"collection":[{"href":"https:\/\/paveldopita.cz\/index.php\/wp-json\/wp\/v2\/posts"}],"about":[{"href":"https:\/\/paveldopita.cz\/index.php\/wp-json\/wp\/v2\/types\/post"}],"author":[{"embeddable":true,"href":"https:\/\/paveldopita.cz\/index.php\/wp-json\/wp\/v2\/users\/1"}],"replies":[{"embeddable":true,"href":"https:\/\/paveldopita.cz\/index.php\/wp-json\/wp\/v2\/comments?post=775"}],"version-history":[{"count":1,"href":"https:\/\/paveldopita.cz\/index.php\/wp-json\/wp\/v2\/posts\/775\/revisions"}],"predecessor-version":[{"id":777,"href":"https:\/\/paveldopita.cz\/index.php\/wp-json\/wp\/v2\/posts\/775\/revisions\/777"}],"wp:featuredmedia":[{"embeddable":true,"href":"https:\/\/paveldopita.cz\/index.php\/wp-json\/wp\/v2\/media\/774"}],"wp:attachment":[{"href":"https:\/\/paveldopita.cz\/index.php\/wp-json\/wp\/v2\/media?parent=775"}],"wp:term":[{"taxonomy":"category","embeddable":true,"href":"https:\/\/paveldopita.cz\/index.php\/wp-json\/wp\/v2\/categories?post=775"},{"taxonomy":"post_tag","embeddable":true,"href":"https:\/\/paveldopita.cz\/index.php\/wp-json\/wp\/v2\/tags?post=775"}],"curies":[{"name":"wp","href":"https:\/\/api.w.org\/{rel}","templated":true}]}}