{"id":783,"date":"2024-11-19T13:11:02","date_gmt":"2024-11-19T13:11:02","guid":{"rendered":"https:\/\/paveldopita.cz\/?p=783"},"modified":"2024-11-19T13:11:02","modified_gmt":"2024-11-19T13:11:02","slug":"pripominka-vyroci-17-listopadu-v-prostejove","status":"publish","type":"post","link":"https:\/\/paveldopita.cz\/index.php\/2024\/11\/19\/pripominka-vyroci-17-listopadu-v-prostejove\/","title":{"rendered":"P\u0159ipom\u00ednka v\u00fdro\u010d\u00ed 17. listopadu v Prost\u011bjov\u011b"},"content":{"rendered":"\n<p>V dne\u0161n\u00ed sv\u00e1te\u010dn\u00ed den jsme si v SPD Prost\u011bjov p\u0159ipom\u011bli, spole\u010dn\u011b s dal\u0161\u00edmi zastupiteli m\u011bsta, z\u00e1stupci bezpe\u010dnostn\u00edch slo\u017eek a ob\u010dan\u016f, dv\u011b v\u00fdro\u010d\u00ed 17. listopadu. Jak represe nacistick\u00e9ho re\u017eimu z roku 1939, kter\u00e9 bezprost\u0159edn\u011b st\u00e1ly \u017eivot Jana Opletala a dev\u00edti z\u00e1stupc\u016f studentsk\u00fdch spolk\u016f, tak i to z roku 1989, kter\u00e9 si mnoho z n\u00e1s pamatuje. Svoboda je dar, kter\u00fd nem\u00e1me automaticky, ale je nutn\u00e9 o n\u011bj st\u00e1le usilovat. V\u017edy\u0165 i dnes op\u011bt vl\u00e1dne v m\u00e9di\u00edch cenz\u016fra a raz\u00ed se v\u00fdklad t\u00e9 jedin\u00e9 spr\u00e1vn\u00e9 pravdy. Zejm\u00e9na u t\u011bch, kte\u0159\u00ed se za\u0161\u0165u\u0165uj\u00ed demokraci\u00ed.<\/p>\n\n\n\n<figure class=\"wp-block-image size-large\"><img loading=\"lazy\" width=\"683\" height=\"1024\" src=\"https:\/\/paveldopita.cz\/wp-content\/uploads\/2024\/11\/17list_1-683x1024.jpg\" alt=\"Pavel Dopita - 17. listopad\" class=\"wp-image-784\" srcset=\"https:\/\/paveldopita.cz\/wp-content\/uploads\/2024\/11\/17list_1-683x1024.jpg 683w, https:\/\/paveldopita.cz\/wp-content\/uploads\/2024\/11\/17list_1-200x300.jpg 200w, https:\/\/paveldopita.cz\/wp-content\/uploads\/2024\/11\/17list_1-768x1152.jpg 768w, https:\/\/paveldopita.cz\/wp-content\/uploads\/2024\/11\/17list_1.jpg 1200w\" sizes=\"(max-width: 683px) 100vw, 683px\" \/><figcaption>Pavel Dopita &#8211; 17. listopad<\/figcaption><\/figure>\n\n\n\n<figure class=\"wp-block-image size-large\"><img loading=\"lazy\" width=\"1024\" height=\"683\" src=\"https:\/\/paveldopita.cz\/wp-content\/uploads\/2024\/11\/17list_2-1024x683.jpg\" alt=\"Pavel Dopita - 17. listopad\" class=\"wp-image-787\" srcset=\"https:\/\/paveldopita.cz\/wp-content\/uploads\/2024\/11\/17list_2-1024x683.jpg 1024w, https:\/\/paveldopita.cz\/wp-content\/uploads\/2024\/11\/17list_2-300x200.jpg 300w, https:\/\/paveldopita.cz\/wp-content\/uploads\/2024\/11\/17list_2-768x512.jpg 768w, https:\/\/paveldopita.cz\/wp-content\/uploads\/2024\/11\/17list_2-1536x1024.jpg 1536w, https:\/\/paveldopita.cz\/wp-content\/uploads\/2024\/11\/17list_2.jpg 1800w\" sizes=\"(max-width: 1024px) 100vw, 1024px\" \/><figcaption>Pavel Dopita &#8211; 17. listopad<\/figcaption><\/figure>\n","protected":false},"excerpt":{"rendered":"<p>V dne\u0161n\u00ed sv\u00e1te\u010dn\u00ed den jsme si v SPD Prost\u011bjov p\u0159ipom\u011bli, spole\u010dn\u011b s dal\u0161\u00edmi zastupiteli m\u011bsta, z\u00e1stupci bezpe\u010dnostn\u00edch slo\u017eek a ob\u010dan\u016f,&hellip; <a class=\"read-more\" href=\"https:\/\/paveldopita.cz\/index.php\/2024\/11\/19\/pripominka-vyroci-17-listopadu-v-prostejove\/\">Pokra\u010dovat ve \u010dten\u00ed<\/a><\/p>\n","protected":false},"author":1,"featured_media":786,"comment_status":"closed","ping_status":"","sticky":false,"template":"","format":"standard","meta":[],"categories":[1],"tags":[],"_links":{"self":[{"href":"https:\/\/paveldopita.cz\/index.php\/wp-json\/wp\/v2\/posts\/783"}],"collection":[{"href":"https:\/\/paveldopita.cz\/index.php\/wp-json\/wp\/v2\/posts"}],"about":[{"href":"https:\/\/paveldopita.cz\/index.php\/wp-json\/wp\/v2\/types\/post"}],"author":[{"embeddable":true,"href":"https:\/\/paveldopita.cz\/index.php\/wp-json\/wp\/v2\/users\/1"}],"replies":[{"embeddable":true,"href":"https:\/\/paveldopita.cz\/index.php\/wp-json\/wp\/v2\/comments?post=783"}],"version-history":[{"count":2,"href":"https:\/\/paveldopita.cz\/index.php\/wp-json\/wp\/v2\/posts\/783\/revisions"}],"predecessor-version":[{"id":788,"href":"https:\/\/paveldopita.cz\/index.php\/wp-json\/wp\/v2\/posts\/783\/revisions\/788"}],"wp:featuredmedia":[{"embeddable":true,"href":"https:\/\/paveldopita.cz\/index.php\/wp-json\/wp\/v2\/media\/786"}],"wp:attachment":[{"href":"https:\/\/paveldopita.cz\/index.php\/wp-json\/wp\/v2\/media?parent=783"}],"wp:term":[{"taxonomy":"category","embeddable":true,"href":"https:\/\/paveldopita.cz\/index.php\/wp-json\/wp\/v2\/categories?post=783"},{"taxonomy":"post_tag","embeddable":true,"href":"https:\/\/paveldopita.cz\/index.php\/wp-json\/wp\/v2\/tags?post=783"}],"curies":[{"name":"wp","href":"https:\/\/api.w.org\/{rel}","templated":true}]}}