{"id":83,"date":"2022-07-20T11:44:02","date_gmt":"2022-07-20T11:44:02","guid":{"rendered":"https:\/\/paveldopita.cz\/?p=83"},"modified":"2022-07-20T11:45:02","modified_gmt":"2022-07-20T11:45:02","slug":"spd-jde-v-prostejove-do-voleb-samostatne","status":"publish","type":"post","link":"https:\/\/paveldopita.cz\/index.php\/2022\/07\/20\/spd-jde-v-prostejove-do-voleb-samostatne\/","title":{"rendered":"SPD jde v Prost\u011bjov\u011b do voleb samostatn\u011b!"},"content":{"rendered":"\n<p>V\u010dera prob\u011bhla oblastn\u00ed konference SPD Prost\u011bjovsko, kter\u00e1 schv\u00e1lila nejen kandid\u00e1tku do podzimn\u00edch komun\u00e1ln\u00edch voleb v Prost\u011bjov\u011b, ale sou\u010dasn\u011b jsme potvrdili, \u017ee jako sebev\u011bdom\u00e1 parlamentn\u00ed strana p\u016fjdeme samostatn\u011b pod zna\u010dkou SPD do komun\u00e1ln\u00edch voleb nejen v Prost\u011bjov\u011b, ale i v Kostelci na Han\u00e9 a N\u011bm\u010dic\u00edch nad Hanou. Mimo z\u00e1le\u017eitost\u00ed t\u00fdkaj\u00edc\u00edch se voleb jsme se zab\u00fdvali i aktu\u00e1ln\u00edmi ud\u00e1lostmi ve spole\u010dnosti. P\u0159evl\u00e1dal n\u00e1zor, \u017ee doba je tak hektick\u00e1, a\u017e se za\u010d\u00edn\u00e1 zapom\u00ednat na na\u0161e ob\u010dany a to je vylo\u017een\u011b \u0161patn\u011b. P\u0159itom, jak vid\u00edte, jsme podpo\u0159ili m\u00edstn\u00ed producenty piva <img loading=\"lazy\" alt=\"\ud83d\ude42\" src=\"https:\/\/static.xx.fbcdn.net\/images\/emoji.php\/v9\/t4c\/1\/16\/1f642.png\" width=\"16\" height=\"16\">. V\u0161em co do\u0161li moc d\u011bkuji, bylo to par\u00e1dn\u00ed <img loading=\"lazy\" alt=\"\u2764\" src=\"https:\/\/static.xx.fbcdn.net\/images\/emoji.php\/v9\/t6c\/1\/16\/2764.png\" width=\"16\" height=\"16\"> .<\/p>\n\n\n\n<figure class=\"wp-block-image\"><img src=\"https:\/\/scontent-prg1-1.xx.fbcdn.net\/v\/t39.30808-6\/277576629_5114186275307913_5357368726942245479_n.jpg?_nc_cat=101&amp;ccb=1-7&amp;_nc_sid=730e14&amp;_nc_ohc=zggx_cui2CkAX8lkicY&amp;_nc_ht=scontent-prg1-1.xx&amp;oh=00_AT9NuLX_bm8D_Ecl1CJUFqX1nvTmKriG8WFBX9OsT1g8tQ&amp;oe=62DD13CB\" alt=\"M\u016f\u017ee j\u00edt o obr\u00e1zek 8 lidem , sed\u00edc\u00edm lidem a indoor\"\/><\/figure>\n","protected":false},"excerpt":{"rendered":"<p>V\u010dera prob\u011bhla oblastn\u00ed konference SPD Prost\u011bjovsko, kter\u00e1 schv\u00e1lila nejen kandid\u00e1tku do podzimn\u00edch komun\u00e1ln\u00edch voleb v Prost\u011bjov\u011b, ale sou\u010dasn\u011b jsme potvrdili,&hellip; <a class=\"read-more\" href=\"https:\/\/paveldopita.cz\/index.php\/2022\/07\/20\/spd-jde-v-prostejove-do-voleb-samostatne\/\">Pokra\u010dovat ve \u010dten\u00ed<\/a><\/p>\n","protected":false},"author":1,"featured_media":85,"comment_status":"closed","ping_status":"","sticky":false,"template":"","format":"standard","meta":[],"categories":[1],"tags":[],"_links":{"self":[{"href":"https:\/\/paveldopita.cz\/index.php\/wp-json\/wp\/v2\/posts\/83"}],"collection":[{"href":"https:\/\/paveldopita.cz\/index.php\/wp-json\/wp\/v2\/posts"}],"about":[{"href":"https:\/\/paveldopita.cz\/index.php\/wp-json\/wp\/v2\/types\/post"}],"author":[{"embeddable":true,"href":"https:\/\/paveldopita.cz\/index.php\/wp-json\/wp\/v2\/users\/1"}],"replies":[{"embeddable":true,"href":"https:\/\/paveldopita.cz\/index.php\/wp-json\/wp\/v2\/comments?post=83"}],"version-history":[{"count":2,"href":"https:\/\/paveldopita.cz\/index.php\/wp-json\/wp\/v2\/posts\/83\/revisions"}],"predecessor-version":[{"id":86,"href":"https:\/\/paveldopita.cz\/index.php\/wp-json\/wp\/v2\/posts\/83\/revisions\/86"}],"wp:featuredmedia":[{"embeddable":true,"href":"https:\/\/paveldopita.cz\/index.php\/wp-json\/wp\/v2\/media\/85"}],"wp:attachment":[{"href":"https:\/\/paveldopita.cz\/index.php\/wp-json\/wp\/v2\/media?parent=83"}],"wp:term":[{"taxonomy":"category","embeddable":true,"href":"https:\/\/paveldopita.cz\/index.php\/wp-json\/wp\/v2\/categories?post=83"},{"taxonomy":"post_tag","embeddable":true,"href":"https:\/\/paveldopita.cz\/index.php\/wp-json\/wp\/v2\/tags?post=83"}],"curies":[{"name":"wp","href":"https:\/\/api.w.org\/{rel}","templated":true}]}}