{"id":867,"date":"2025-04-29T20:29:39","date_gmt":"2025-04-29T20:29:39","guid":{"rendered":"https:\/\/paveldopita.cz\/?p=867"},"modified":"2025-04-29T20:52:14","modified_gmt":"2025-04-29T20:52:14","slug":"dubnove-zastupitelstvo-co-na-to-dopita-rl-04-2025","status":"publish","type":"post","link":"https:\/\/paveldopita.cz\/index.php\/2025\/04\/29\/dubnove-zastupitelstvo-co-na-to-dopita-rl-04-2025\/","title":{"rendered":"Dubnov\u00e9 zastupitelstvo. Co na to Dopita? RL 04\/2025"},"content":{"rendered":"\n<p>Na jedn\u00e1n\u00ed zastupitelstva bylo n\u011bkolik bod\u016f, kter\u00e9 si zaslou\u017e\u00ed pozornost. \u00davodem mus\u00edm zm\u00ednit velk\u00e9 dilema z&nbsp;n\u00e1m\u011bst\u00ed T.G.M. Habry nebo duby? Pokud nev\u00edte, o co se jedn\u00e1, tak p\u0159ed n\u011bjakou dobou p\u0159i\u0161el n\u00e1pad vysadit na prav\u00e9 stran\u011b n\u00e1m\u011bst\u00ed, pohledem od radnice, \u00e1lej osmi dub\u016f. U\u0161lechtil\u00fd n\u00e1pad, kdyby pobl\u00ed\u017e nerostly dva habry. Nyn\u00ed se v\u0161e dostalo do stavu, \u017ee \u010dty\u0159i duby nemaj\u00ed prostor pro dal\u0161\u00ed r\u016fst a za\u010dnou ch\u0159adnout nebo se k\u0159ivit. <em>Viz fotografie dole.<\/em> Na konci bude jejich pok\u00e1cen\u00ed. Alternativou je hodn\u011b o\u0159ezat, nebo rovnou pok\u00e1cet dva habry, kter\u00e9 tam rostou o p\u00e1r des\u00edtek let d\u00e9le a staly se mezit\u00edm symbolem n\u00e1m\u011bst\u00ed. <em>Ur\u010dit\u011b tam nejsou sto let, jak jsem n\u011bkde \u010detl. Je\u0161t\u011b ned\u00e1vno tam parkovaly autobusy. <\/em> P\u0159ipom\u00edn\u00e1 v\u00e1m to rom\u00e1n od Williama Styrona? Bohu\u017eel, rozhodnut\u00ed bude muset padnout velmi brzy. M\u016fj n\u00e1zor je, \u017ee bych aktu\u00e1ln\u011b o\u0159ezal habry a dal v\u011bt\u0161\u00ed prostor dub\u016fm. \u010casem tedy v&nbsp;t\u00e9to \u010d\u00e1sti n\u00e1m\u011bst\u00ed ponechal pouze dubovou \u00e1lej, kter\u00e1 bude impozantn\u00ed. P\u0159em\u00fd\u0161let nad t\u00edm, pro\u010d se tenkr\u00e1t nerozhodli pro \u00e1lej na druh\u00e9 stran\u011b, kde je prostor, je ji\u017e zbyte\u010dn\u00e9.<\/p>\n\n\n\n<figure class=\"wp-block-image size-large\"><img loading=\"lazy\" width=\"807\" height=\"1024\" src=\"https:\/\/paveldopita.cz\/wp-content\/uploads\/2025\/04\/RL_0425-radnice-807x1024.jpg\" alt=\"\" class=\"wp-image-879\" srcset=\"https:\/\/paveldopita.cz\/wp-content\/uploads\/2025\/04\/RL_0425-radnice-807x1024.jpg 807w, https:\/\/paveldopita.cz\/wp-content\/uploads\/2025\/04\/RL_0425-radnice-237x300.jpg 237w, https:\/\/paveldopita.cz\/wp-content\/uploads\/2025\/04\/RL_0425-radnice-768x974.jpg 768w, https:\/\/paveldopita.cz\/wp-content\/uploads\/2025\/04\/RL_0425-radnice.jpg 1200w\" sizes=\"(max-width: 807px) 100vw, 807px\" \/><figcaption>N\u00e1zorn\u00e1 uk\u00e1zka ch\u0159adnouc\u00edho dubu.<\/figcaption><\/figure>\n\n\n\n<p>Rychle na dal\u0161\u00ed doslova \u017ehav\u00e9 t\u00e9ma. Nov\u00e1 identita Prost\u011bjova, nebo chcete-li zkr\u00e1cen\u011b logo m\u011bsta. Nen\u00ed to p\u0159esn\u00e9 vyj\u00e1d\u0159en\u00ed, proto\u017ee se jedn\u00e1 o komplexn\u011bj\u0161\u00ed p\u0159\u00edstup. Mysl\u00edm to P\u00e9 s&nbsp;kruc\u00e1nkem a celkovou vizualizaci jako vid\u00edte na tri\u010dku na obr\u00e1zku. Tento \u010dl\u00e1nek p\u00ed\u0161i dva dny po zve\u0159ejn\u011bn\u00ed a ji\u017e jsem zaznamenal r\u016fzn\u00e9 n\u00e1zory. Od pochvaln\u00fdch a\u017e po negativn\u00ed. Ocitoval bych jeden, se kter\u00fdm se ztoto\u017e\u0148uji: \u201eOstrav\u011b mus\u00ed sta\u010dit t\u0159i vyk\u0159i\u010dn\u00edky, my to m\u00e1me mnohem hez\u010d\u00ed.\u201c Celkov\u00e9 zapracov\u00e1n\u00ed do grafiky k&nbsp;r\u016fzn\u00fdm akc\u00edm se mi l\u00edb\u00ed.<\/p>\n\n\n\n<figure class=\"wp-block-image size-large\"><img loading=\"lazy\" width=\"1024\" height=\"733\" src=\"https:\/\/paveldopita.cz\/wp-content\/uploads\/2025\/04\/RL_0425-logo-1024x733.jpg\" alt=\"\" class=\"wp-image-880\" srcset=\"https:\/\/paveldopita.cz\/wp-content\/uploads\/2025\/04\/RL_0425-logo-1024x733.jpg 1024w, https:\/\/paveldopita.cz\/wp-content\/uploads\/2025\/04\/RL_0425-logo-300x215.jpg 300w, https:\/\/paveldopita.cz\/wp-content\/uploads\/2025\/04\/RL_0425-logo-768x550.jpg 768w, https:\/\/paveldopita.cz\/wp-content\/uploads\/2025\/04\/RL_0425-logo.jpg 1200w\" sizes=\"(max-width: 1024px) 100vw, 1024px\" \/><figcaption>Nov\u00e9 logo Prost\u011bjova na t\u0159i\u010dku.<\/figcaption><\/figure>\n\n\n\n<p>Dal\u0161\u00ed t\u00e9ma sleduji dlouhodob\u011b. A to i v&nbsp;r\u00e1mci Komise pro bezpe\u010dnost a prevenci kriminality. Mysl\u00edm cyklostezku na Ur\u010dick\u00e9 ulici, kter\u00e1 povede i k&nbsp;Azylov\u00e9mu centru. Aktu\u00e1ln\u011b byl zah\u00e1jen negocia\u010dn\u00ed proces dle z\u00e1kona \u010d. 416\/2009 Sb., o urychlen\u00ed v\u00fdstavby strategicky v\u00fdznamn\u00e9 infrastruktury. Zde to opakovan\u011b komentuji tak, \u017ee je pot\u0159ebn\u00e9 vybudovat cyklostezku d\u0159\u00edv, ne\u017e se n\u011bjak\u00fd bezdomovec sveze na kapot\u011b chud\u00e1ka \u0159idi\u010de, kter\u00fd si to bude do smrti vy\u010d\u00edtat. T\u00edmto krokem se v\u0161e urychl\u00ed a vlastn\u00edci bu\u010f prodaj\u00ed pozemek za nadstandartn\u00ed cenu, nebo tento bude n\u00e1sledn\u011b vyvlastn\u011bn za cenu m\u00edstn\u011b obvyklou, co\u017e bude trvat sice d\u00e9le, ale nebude to pro sou\u010dasn\u00e9 majitele tak v\u00fdhodn\u00e9. <em>N\u00e1sobn\u00fd koeficient je stanoven\u00fd na osmin\u00e1sobek. Pokud to celou akci urychl\u00ed, vyplat\u00ed se to. <\/em><\/p>\n\n\n\n<figure class=\"wp-block-image size-large\"><img loading=\"lazy\" width=\"1024\" height=\"631\" src=\"https:\/\/paveldopita.cz\/wp-content\/uploads\/2025\/04\/RL_0425-urcickajpg-1024x631.jpg\" alt=\"\" class=\"wp-image-881\" srcset=\"https:\/\/paveldopita.cz\/wp-content\/uploads\/2025\/04\/RL_0425-urcickajpg-1024x631.jpg 1024w, https:\/\/paveldopita.cz\/wp-content\/uploads\/2025\/04\/RL_0425-urcickajpg-300x185.jpg 300w, https:\/\/paveldopita.cz\/wp-content\/uploads\/2025\/04\/RL_0425-urcickajpg-768x473.jpg 768w, https:\/\/paveldopita.cz\/wp-content\/uploads\/2025\/04\/RL_0425-urcickajpg.jpg 1388w\" sizes=\"(max-width: 1024px) 100vw, 1024px\" \/><figcaption>Ur\u010dick\u00e1 ulice<\/figcaption><\/figure>\n\n\n\n<p>Dostal jsem ot\u00e1zku na rekonstrukci velodromu, kter\u00fd byl na zastupitelstvu p\u0159edstaven. Z&nbsp;\u010deho to jako zaplat\u00edme? Zat\u00edm jsme schv\u00e1lili jen prost\u0159edky na projektovou dokumentaci, aby se mohlo d\u00e1l jednat. St\u00e1le plat\u00ed, \u017ee aktu\u00e1ln\u011b maj\u00ed p\u0159ednost jin\u00e9 projekty. Nov\u00fd baz\u00e9n s&nbsp;vodn\u00edm sv\u011btem. Nev\u00edme, jak\u00fd bude nutn\u00fd rozsah oprav zimn\u00edho stadionu. St\u00e1le n\u011bjak udr\u017eujeme KaSCentrum a je t\u011bch pl\u00e1novan\u00fdch investic mnohem v\u00edc a s&nbsp;ohledem na ekonomickou situaci p\u0159\u00edjmy m\u011bsta nerostou tak, jak bychom si p\u0159\u00e1li.<\/p>\n\n\n\n<figure class=\"wp-block-image size-large\"><img loading=\"lazy\" width=\"1024\" height=\"515\" src=\"https:\/\/paveldopita.cz\/wp-content\/uploads\/2025\/04\/RL_0425-velodrom-1024x515.jpg\" alt=\"\" class=\"wp-image-882\" srcset=\"https:\/\/paveldopita.cz\/wp-content\/uploads\/2025\/04\/RL_0425-velodrom-1024x515.jpg 1024w, https:\/\/paveldopita.cz\/wp-content\/uploads\/2025\/04\/RL_0425-velodrom-300x151.jpg 300w, https:\/\/paveldopita.cz\/wp-content\/uploads\/2025\/04\/RL_0425-velodrom-768x386.jpg 768w, https:\/\/paveldopita.cz\/wp-content\/uploads\/2025\/04\/RL_0425-velodrom.jpg 1281w\" sizes=\"(max-width: 1024px) 100vw, 1024px\" \/><figcaption>Studie nov\u00e9ho velodromu.<\/figcaption><\/figure>\n\n\n\n<p>Snad pravidelnou rubrikou jsou ji\u017e u mne odpady. Reaguji na po\u017eadavek na srovn\u00e1vac\u00ed studii o nakl\u00e1d\u00e1n\u00ed s&nbsp;odpady. Netu\u0161\u00edm, co by se m\u011blo v&nbsp;dne\u0161n\u00ed situaci srovn\u00e1vat, kdy\u017e skl\u00e1dkujeme ro\u010dn\u011b v&nbsp;Olomouck\u00e9m kraji asi 300 tis\u00edc tun komun\u00e1ln\u00edho odpadu a od roku 2030 toto ze dne na den skon\u010d\u00ed a kapacity na zpracov\u00e1n\u00ed nejsou. Budeme tedy moci skl\u00e1dkovat odpad s&nbsp;v\u00fdh\u0159evnost\u00ed do 6,5MJ\/kg., ale kter\u00fd to je, n\u00e1m \u0159ekne a\u017e n\u011bjak\u00e1 separace. K&nbsp;obsahu \u017elut\u00fdch popelnic jsem \u0159ekl, \u017ee po z\u00e1lohov\u00e1n\u00ed PET lahv\u00ed bude nejekonomi\u010dt\u011bj\u0161\u00ed ten zbytek obsahu \u017elut\u00fdch popelnic tak\u00e9 sp\u00e1lit v&nbsp;p\u0159\u00edslu\u0161n\u00fdch koteln\u00e1ch podobn\u011b jako rozt\u0159\u00edd\u011bn\u00fd komun\u00e1ln\u00ed odpad a m\u00edt u\u017eitek ve form\u011b tepla. Jin\u00e9 \u0159e\u0161en\u00ed bude jen a jen dra\u017e\u0161\u00ed. Dokud ov\u0161em nebude p\u0159evis nab\u00eddky nad popt\u00e1vkou, je jak\u00e1koliv studie zbyte\u010dn\u00e1. Mimochodem, ji\u017e dnes roste skokov\u011b cena za skl\u00e1dkov\u00e1n\u00ed.<\/p>\n\n\n<div class=\"wp-block-image\">\n<figure class=\"aligncenter size-full\"><img loading=\"lazy\" width=\"474\" height=\"455\" src=\"https:\/\/paveldopita.cz\/wp-content\/uploads\/2025\/04\/image.png\" alt=\"\" class=\"wp-image-883\" srcset=\"https:\/\/paveldopita.cz\/wp-content\/uploads\/2025\/04\/image.png 474w, https:\/\/paveldopita.cz\/wp-content\/uploads\/2025\/04\/image-300x288.png 300w\" sizes=\"(max-width: 474px) 100vw, 474px\" \/><figcaption>Princip plazmatick\u00e9ho zplynov\u00e1n\u00ed.<\/figcaption><\/figure><\/div>\n\n\n<p>Z\u00e1v\u011brem odbo\u010d\u00edm od zastupitelstva. V&nbsp;dob\u011b, kdy \u010dtete tyto \u0159\u00e1dky, tak ji\u017e v\u00edte, jak dopadlo hlasov\u00e1n\u00ed v&nbsp;leto\u0161n\u00edm participativn\u00edm rozpo\u010dtu. Kdo jste dali hlas Alt\u00e1nu s&nbsp;ohni\u0161t\u011bm, tomu d\u011bkuji (a m\u00e1te u mne \u0161pek\u00e1\u010dek). Kdo jste podpo\u0159ili jin\u00fd projekt, p\u0159eji hodn\u011b \u0161t\u011bst\u00ed. D\u00e1le p\u0159ipom\u00edn\u00e1m, \u017ee 28. 6. se kon\u00e1 ji\u017e 10. ro\u010dn\u00edk Vrahovick\u00e9ho bicyklu, kde v\u00e1s za organiz\u00e1tory moc r\u00e1d uvid\u00edm. V\u00edce podrobnost\u00ed na str\u00e1nk\u00e1ch <a href=\"http:\/\/www.nasevrahovice.cz\">www.nasevrahovice.cz<\/a> . Aktu\u00e1ln\u011b v\u00e1s ale je\u0161t\u011b p\u0159ed t\u00edm zvu 24. kv\u011btna na posledn\u00ed Smr\u017eick\u00e9 vandr, kde tak\u00e9 nemohu chyb\u011bt. Zdrav\u00fd pohyb je nejlep\u0161\u00ed prevenc\u00ed p\u0159ed nemocemi a to nejenom t\u011bmi fyzick\u00fdmi, ale i du\u0161evn\u00edmi. To je snad v&nbsp;t\u00e9to dob\u011b je\u0161t\u011b d\u016fle\u017eit\u011bj\u0161\u00ed.<\/p>\n","protected":false},"excerpt":{"rendered":"<p>Na jedn\u00e1n\u00ed zastupitelstva bylo n\u011bkolik bod\u016f, kter\u00e9 si zaslou\u017e\u00ed pozornost. \u00davodem mus\u00edm zm\u00ednit velk\u00e9 dilema z&nbsp;n\u00e1m\u011bst\u00ed T.G.M. Habry nebo duby?&hellip; <a class=\"read-more\" href=\"https:\/\/paveldopita.cz\/index.php\/2025\/04\/29\/dubnove-zastupitelstvo-co-na-to-dopita-rl-04-2025\/\">Pokra\u010dovat ve \u010dten\u00ed<\/a><\/p>\n","protected":false},"author":1,"featured_media":886,"comment_status":"closed","ping_status":"","sticky":false,"template":"","format":"standard","meta":[],"categories":[1],"tags":[],"_links":{"self":[{"href":"https:\/\/paveldopita.cz\/index.php\/wp-json\/wp\/v2\/posts\/867"}],"collection":[{"href":"https:\/\/paveldopita.cz\/index.php\/wp-json\/wp\/v2\/posts"}],"about":[{"href":"https:\/\/paveldopita.cz\/index.php\/wp-json\/wp\/v2\/types\/post"}],"author":[{"embeddable":true,"href":"https:\/\/paveldopita.cz\/index.php\/wp-json\/wp\/v2\/users\/1"}],"replies":[{"embeddable":true,"href":"https:\/\/paveldopita.cz\/index.php\/wp-json\/wp\/v2\/comments?post=867"}],"version-history":[{"count":6,"href":"https:\/\/paveldopita.cz\/index.php\/wp-json\/wp\/v2\/posts\/867\/revisions"}],"predecessor-version":[{"id":887,"href":"https:\/\/paveldopita.cz\/index.php\/wp-json\/wp\/v2\/posts\/867\/revisions\/887"}],"wp:featuredmedia":[{"embeddable":true,"href":"https:\/\/paveldopita.cz\/index.php\/wp-json\/wp\/v2\/media\/886"}],"wp:attachment":[{"href":"https:\/\/paveldopita.cz\/index.php\/wp-json\/wp\/v2\/media?parent=867"}],"wp:term":[{"taxonomy":"category","embeddable":true,"href":"https:\/\/paveldopita.cz\/index.php\/wp-json\/wp\/v2\/categories?post=867"},{"taxonomy":"post_tag","embeddable":true,"href":"https:\/\/paveldopita.cz\/index.php\/wp-json\/wp\/v2\/tags?post=867"}],"curies":[{"name":"wp","href":"https:\/\/api.w.org\/{rel}","templated":true}]}}