{"id":87,"date":"2022-07-24T19:44:56","date_gmt":"2022-07-24T19:44:56","guid":{"rendered":"https:\/\/paveldopita.cz\/?p=87"},"modified":"2022-07-24T19:46:38","modified_gmt":"2022-07-24T19:46:38","slug":"proc-jit-ke-komunalnim-volbam","status":"publish","type":"post","link":"https:\/\/paveldopita.cz\/index.php\/2022\/07\/24\/proc-jit-ke-komunalnim-volbam\/","title":{"rendered":"Pro\u010d j\u00edt ke komun\u00e1ln\u00edm volb\u00e1m."},"content":{"rendered":"\n<p>V\u00edte, co v\u017edy trnu, kdy\u017e p\u00ed\u0161u \u010dl\u00e1nek do Radni\u010dn\u00edch list\u016f? Zda za ty t\u0159i t\u00fddny, ne\u017e to v\u00fdjde, bude je\u0161t\u011b aktu\u00e1ln\u00ed. Tentokr\u00e1t jsem jej pojal jako takov\u00fd p\u0159edvolebn\u00ed pelmel. A\u017e prezident vyhl\u00e1s\u00ed term\u00edn voleb, ji\u017e to nebude mo\u017en\u00e9. Kdy\u017e si to tak te\u010f po sob\u011b \u010dtu, tak nejenom, \u017ee je aktu\u00e1ln\u00ed, ale energetick\u00e1 krize, kter\u00e1 je na obzoru, vypad\u00e1, \u017ee bude v mnohem hor\u0161\u00ed form\u011b a na\u0161i v\u00e1le\u010dn\u00edci nemaj\u00ed \u017e\u00e1dn\u00fd pl\u00e1n. Kouzlem necht\u011bn\u00e9ho je, \u017ee p\u00ed\u0161u o na\u0161\u00ed aktivit\u011b ohledn\u011b t\u0159\u00edd\u011bn\u00e9ho odpadu, a redakce vedle m\u00e9ho \u010dl\u00e1nku dala otev\u00edrac\u00ed dobu u sb\u011brn\u00fdch dvor\u016f a svoz v obdob\u00ed sv\u00e1tk\u016f <img loading=\"lazy\" height=\"16\" width=\"16\" alt=\"\ud83d\ude42\" src=\"https:\/\/static.xx.fbcdn.net\/images\/emoji.php\/v9\/ta5\/1.5\/16\/1f642.png\"> . Tak si ten obr\u00e1zek i se mnou ulo\u017ete <img loading=\"lazy\" height=\"16\" width=\"16\" alt=\"\ud83d\ude03\" src=\"https:\/\/static.xx.fbcdn.net\/images\/emoji.php\/v9\/taa\/1.5\/16\/1f603.png\"> . Co jsem netrefil, tak migra\u010dn\u00ed vlnu. Postupn\u011b ust\u00e1v\u00e1, ukrajinsk\u00e9 rodiny jsou spojeny, my omezujeme provozn\u00ed dobu KACPU, to jsou ta asisten\u010dn\u00ed centra. Olomouc je v noci (po sedm\u00e9) ji\u017e zav\u0159en\u00fd, a i v \u0160umperku je otev\u0159en\u00e9 jen od osmi do \u010dty\u0159. Je\u0161t\u011b se vr\u00e1t\u00edm k plynu. Mnoho z v\u00e1s je p\u0159ekvapeno a nech\u00e1pe, pro\u010d jej bereme z N\u011bmecka, kter\u00e9 n\u00e1m k n\u011bmu d\u00e1v\u00e1 p\u0159ir\u00e1\u017eku. Odpov\u011b\u010f je jednoduch\u00e1. Jak\u00e9 m\u00e1me veden\u00ed, takov\u00e9 m\u00e1me ceny. Ma\u010farsko ukazuje, \u017ee to lze d\u011blat i jinak, a tamn\u00ed voli\u010di to ocenili. I kdy\u017e se n\u011bkdy zd\u00e1, \u017ee komun\u00e1l je sp\u00ed\u0161e o chodn\u00edc\u00edch, nen\u00ed to pravda. V\u0161e jsou spojen\u00e9 n\u00e1doby. Mimochodem, budeme zakl\u00e1dat organizaci SPD i v Kostelci na Han\u00e9 <img loading=\"lazy\" height=\"16\" width=\"16\" alt=\"\ud83d\ude09\" src=\"https:\/\/static.xx.fbcdn.net\/images\/emoji.php\/v9\/tb0\/1.5\/16\/1f609.png\"> . Pokud m\u00e1te dotaz, napi\u0161te mi.<\/p>\n\n\n\n<p>V\u00edte, co v\u017edy trnu, kdy\u017e p\u00ed\u0161u \u010dl\u00e1nek do Radni\u010dn\u00edch list\u016f? Zda za ty t\u0159i t\u00fddny, ne\u017e to v\u00fdjde, bude je\u0161t\u011b aktu\u00e1ln\u00ed. Tentokr\u00e1t jsem jej pojal jako takov\u00fd p\u0159edvolebn\u00ed pelmel. A\u017e prezident vyhl\u00e1s\u00ed term\u00edn voleb, ji\u017e to nebude mo\u017en\u00e9. Kdy\u017e si to tak te\u010f po sob\u011b \u010dtu, tak nejenom, \u017ee je aktu\u00e1ln\u00ed, ale energetick\u00e1 krize, kter\u00e1 je na obzoru, vypad\u00e1, \u017ee bude v mnohem hor\u0161\u00ed form\u011b a na\u0161i v\u00e1le\u010dn\u00edci nemaj\u00ed \u017e\u00e1dn\u00fd pl\u00e1n. Kouzlem necht\u011bn\u00e9ho je, \u017ee p\u00ed\u0161u o na\u0161\u00ed aktivit\u011b ohledn\u011b t\u0159\u00edd\u011bn\u00e9ho odpadu, a redakce vedle m\u00e9ho \u010dl\u00e1nku dala otev\u00edrac\u00ed dobu u sb\u011brn\u00fdch dvor\u016f a svoz v obdob\u00ed sv\u00e1tk\u016f <img loading=\"lazy\" height=\"16\" width=\"16\" alt=\"\ud83d\ude42\" src=\"https:\/\/static.xx.fbcdn.net\/images\/emoji.php\/v9\/ta5\/1.5\/16\/1f642.png\"> . Tak si ten obr\u00e1zek i se mnou ulo\u017ete <img loading=\"lazy\" height=\"16\" width=\"16\" alt=\"\ud83d\ude03\" src=\"https:\/\/static.xx.fbcdn.net\/images\/emoji.php\/v9\/taa\/1.5\/16\/1f603.png\"> . Co jsem netrefil, tak migra\u010dn\u00ed vlnu. Postupn\u011b ust\u00e1v\u00e1, ukrajinsk\u00e9 rodiny jsou spojeny, my omezujeme provozn\u00ed dobu KACPU, to jsou ta asisten\u010dn\u00ed centra. Olomouc je v noci (po sedm\u00e9) ji\u017e zav\u0159en\u00fd, a i v \u0160umperku je otev\u0159en\u00e9 jen od osmi do \u010dty\u0159. Je\u0161t\u011b se vr\u00e1t\u00edm k plynu. Mnoho z v\u00e1s je p\u0159ekvapeno a nech\u00e1pe, pro\u010d jej bereme z N\u011bmecka, kter\u00e9 n\u00e1m k n\u011bmu d\u00e1v\u00e1 p\u0159ir\u00e1\u017eku. Odpov\u011b\u010f je jednoduch\u00e1. Jak\u00e9 m\u00e1me veden\u00ed, takov\u00e9 m\u00e1me ceny. Ma\u010farsko ukazuje, \u017ee to lze d\u011blat i jinak, a tamn\u00ed voli\u010di to ocenili. I kdy\u017e se n\u011bkdy zd\u00e1, \u017ee komun\u00e1l je sp\u00ed\u0161e o chodn\u00edc\u00edch, nen\u00ed to pravda. V\u0161e jsou spojen\u00e9 n\u00e1doby. Mimochodem, budeme zakl\u00e1dat organizaci SPD i v Kostelci na Han\u00e9 <img loading=\"lazy\" height=\"16\" width=\"16\" alt=\"\ud83d\ude09\" src=\"https:\/\/static.xx.fbcdn.net\/images\/emoji.php\/v9\/tb0\/1.5\/16\/1f609.png\"> . Pokud m\u00e1te dotaz, napi\u0161te mi.<\/p>\n\n\n\n<figure class=\"wp-block-image\"><img src=\"https:\/\/scontent-prg1-1.xx.fbcdn.net\/v\/t39.30808-6\/277739712_5130718606988013_3194927061235658994_n.jpg?_nc_cat=108&amp;ccb=1-7&amp;_nc_sid=730e14&amp;_nc_ohc=h27Ngn9Z19sAX8rdNWj&amp;_nc_ht=scontent-prg1-1.xx&amp;oh=00_AT9Nnq2ULBxnKzfWAtkC53RLiElACdEfex4Qyo-ZZuIlPQ&amp;oe=62E2FCFB\" alt=\"M\u016f\u017ee j\u00edt o obr\u00e1zek 1 osob\u011b a textu\"\/><\/figure>\n","protected":false},"excerpt":{"rendered":"<p>V\u00edte, co v\u017edy trnu, kdy\u017e p\u00ed\u0161u \u010dl\u00e1nek do Radni\u010dn\u00edch list\u016f? Zda za ty t\u0159i t\u00fddny, ne\u017e to v\u00fdjde, bude je\u0161t\u011b&hellip; <a class=\"read-more\" href=\"https:\/\/paveldopita.cz\/index.php\/2022\/07\/24\/proc-jit-ke-komunalnim-volbam\/\">Pokra\u010dovat ve \u010dten\u00ed<\/a><\/p>\n","protected":false},"author":1,"featured_media":89,"comment_status":"closed","ping_status":"","sticky":false,"template":"","format":"standard","meta":[],"categories":[1],"tags":[],"_links":{"self":[{"href":"https:\/\/paveldopita.cz\/index.php\/wp-json\/wp\/v2\/posts\/87"}],"collection":[{"href":"https:\/\/paveldopita.cz\/index.php\/wp-json\/wp\/v2\/posts"}],"about":[{"href":"https:\/\/paveldopita.cz\/index.php\/wp-json\/wp\/v2\/types\/post"}],"author":[{"embeddable":true,"href":"https:\/\/paveldopita.cz\/index.php\/wp-json\/wp\/v2\/users\/1"}],"replies":[{"embeddable":true,"href":"https:\/\/paveldopita.cz\/index.php\/wp-json\/wp\/v2\/comments?post=87"}],"version-history":[{"count":1,"href":"https:\/\/paveldopita.cz\/index.php\/wp-json\/wp\/v2\/posts\/87\/revisions"}],"predecessor-version":[{"id":88,"href":"https:\/\/paveldopita.cz\/index.php\/wp-json\/wp\/v2\/posts\/87\/revisions\/88"}],"wp:featuredmedia":[{"embeddable":true,"href":"https:\/\/paveldopita.cz\/index.php\/wp-json\/wp\/v2\/media\/89"}],"wp:attachment":[{"href":"https:\/\/paveldopita.cz\/index.php\/wp-json\/wp\/v2\/media?parent=87"}],"wp:term":[{"taxonomy":"category","embeddable":true,"href":"https:\/\/paveldopita.cz\/index.php\/wp-json\/wp\/v2\/categories?post=87"},{"taxonomy":"post_tag","embeddable":true,"href":"https:\/\/paveldopita.cz\/index.php\/wp-json\/wp\/v2\/tags?post=87"}],"curies":[{"name":"wp","href":"https:\/\/api.w.org\/{rel}","templated":true}]}}