{"id":90,"date":"2022-07-24T19:52:29","date_gmt":"2022-07-24T19:52:29","guid":{"rendered":"https:\/\/paveldopita.cz\/?p=90"},"modified":"2022-07-24T19:53:29","modified_gmt":"2022-07-24T19:53:29","slug":"zalozen-klub-spd-v-kostelci-na-hane","status":"publish","type":"post","link":"https:\/\/paveldopita.cz\/index.php\/2022\/07\/24\/zalozen-klub-spd-v-kostelci-na-hane\/","title":{"rendered":"Zalo\u017een klub SPD v Kostelci na Han\u00e9"},"content":{"rendered":"\n<p>S radost\u00ed mohu ozn\u00e1mit, \u017ee MK SPD Prost\u011bjov ji\u017e nen\u00ed na okrese s\u00e1m, a v\u010dera byl zalo\u017een M\u00edstn\u00ed klub SPD i v Kostelci na Han\u00e9. V\u011b\u0159\u00edm, \u017ee dal\u0161\u00ed obce budou n\u00e1sledovat. Sta\u010d\u00ed pro to t\u0159i aktivn\u00ed \u010dlenov\u00e9 SPD s trval\u00fdm bydli\u0161t\u011bm v obci. P\u0159eji Martin Michl, David Huben\u00fd, Zde\u0148kovi \u0160pul\u00ed\u0159ovi a Romanovi Kocourkovi, aby se pod\u00edvali na probl\u00e9my jejich obce z t\u00e9 spr\u00e1vn\u00e9 strany, a ji\u017e spolu p\u0159ipravujeme prvn\u00ed spole\u010dn\u00e9 akce pro d\u011bti. Z Prost\u011bjova jsme je dojeli podpo\u0159it s kolegou zastupitelem <a href=\"https:\/\/www.facebook.com\/caffe.atrium.3?__cft__[0]=AZWUbPy6EgE28xp4EAtX8b_Do15BHYF_VwGD5S9ybjbBjblG7_AuLYEseX4BPu92lqHh18hhnZmYAw-i9iuSiKlFmj_Xr4BDHFJnsS38TAKSGafKiRclnUDY-lmE80ABB4J0WG5O_s60Q_imBCW0w4aF9MjBiPsu6pZA48ozyzlyLgtIM_JsihkQ82R8aDnCBYY998F62WfADN2H9wkMwTwj_vazB6nC1RahK7bFRQZdKw&amp;__tn__=-]K-R\">Martin K\u0159upka<\/a> a m\u00edstop\u0159edsedou rady MK SPD Prost\u011bjov a hudebn\u00edkem <a href=\"https:\/\/www.facebook.com\/radovan.moudry?__cft__[0]=AZWUbPy6EgE28xp4EAtX8b_Do15BHYF_VwGD5S9ybjbBjblG7_AuLYEseX4BPu92lqHh18hhnZmYAw-i9iuSiKlFmj_Xr4BDHFJnsS38TAKSGafKiRclnUDY-lmE80ABB4J0WG5O_s60Q_imBCW0w4aF9MjBiPsu6pZA48ozyzlyLgtIM_JsihkQ82R8aDnCBYY998F62WfADN2H9wkMwTwj_vazB6nC1RahK7bFRQZdKw&amp;__tn__=-]K-R\">Radovan Moudr\u00fd<\/a>. Doba je turbulentn\u00ed a spr\u00e1vn\u00ed a ob\u011btav\u00ed lid\u00e9 budou pot\u0159eba v\u017edy. On to \u0159ekl kdysi ji\u017e kn\u00ed\u017ee Svatopluk. S\u00e1m \u010dlov\u011bk toho mnoho nezm\u016f\u017ee, spole\u010dn\u011b budeme siln\u00ed. Hodn\u011b \u0161t\u011bst\u00ed <img loading=\"lazy\" height=\"16\" width=\"16\" alt=\"\u2764\" src=\"https:\/\/static.xx.fbcdn.net\/images\/emoji.php\/v9\/tf3\/1.5\/16\/2764.png\"> .<\/p>\n\n\n\n<figure class=\"wp-block-image\"><img src=\"https:\/\/scontent-prg1-1.xx.fbcdn.net\/v\/t39.30808-6\/278338636_5156077531118787_4102961628213087764_n.jpg?_nc_cat=104&amp;ccb=1-7&amp;_nc_sid=730e14&amp;_nc_ohc=juiTLIbIIyMAX_UFn3k&amp;_nc_oc=AQm-kVoEkKN2gKLjXVb5zaLhNPLso1JjRGZ8ys4zDTkvLTWRKHuTiUqyeIXibK2DsEQ&amp;tn=FUGFCH5SSchX6Vky&amp;_nc_ht=scontent-prg1-1.xx&amp;oh=00_AT9AwVTQ3bIXrAmi1JJzAcbi1acZ8EWvjiGxISYAgcUVRw&amp;oe=62E1E2C0\" alt=\"M\u016f\u017ee j\u00edt o obr\u00e1zek 6 lidem , stoj\u00edc\u00edm lidem a venkovn\u00edmu\"\/><\/figure>\n","protected":false},"excerpt":{"rendered":"<p>S radost\u00ed mohu ozn\u00e1mit, \u017ee MK SPD Prost\u011bjov ji\u017e nen\u00ed na okrese s\u00e1m, a v\u010dera byl zalo\u017een M\u00edstn\u00ed klub SPD&hellip; <a class=\"read-more\" href=\"https:\/\/paveldopita.cz\/index.php\/2022\/07\/24\/zalozen-klub-spd-v-kostelci-na-hane\/\">Pokra\u010dovat ve \u010dten\u00ed<\/a><\/p>\n","protected":false},"author":1,"featured_media":92,"comment_status":"closed","ping_status":"","sticky":false,"template":"","format":"standard","meta":[],"categories":[1],"tags":[],"_links":{"self":[{"href":"https:\/\/paveldopita.cz\/index.php\/wp-json\/wp\/v2\/posts\/90"}],"collection":[{"href":"https:\/\/paveldopita.cz\/index.php\/wp-json\/wp\/v2\/posts"}],"about":[{"href":"https:\/\/paveldopita.cz\/index.php\/wp-json\/wp\/v2\/types\/post"}],"author":[{"embeddable":true,"href":"https:\/\/paveldopita.cz\/index.php\/wp-json\/wp\/v2\/users\/1"}],"replies":[{"embeddable":true,"href":"https:\/\/paveldopita.cz\/index.php\/wp-json\/wp\/v2\/comments?post=90"}],"version-history":[{"count":1,"href":"https:\/\/paveldopita.cz\/index.php\/wp-json\/wp\/v2\/posts\/90\/revisions"}],"predecessor-version":[{"id":91,"href":"https:\/\/paveldopita.cz\/index.php\/wp-json\/wp\/v2\/posts\/90\/revisions\/91"}],"wp:featuredmedia":[{"embeddable":true,"href":"https:\/\/paveldopita.cz\/index.php\/wp-json\/wp\/v2\/media\/92"}],"wp:attachment":[{"href":"https:\/\/paveldopita.cz\/index.php\/wp-json\/wp\/v2\/media?parent=90"}],"wp:term":[{"taxonomy":"category","embeddable":true,"href":"https:\/\/paveldopita.cz\/index.php\/wp-json\/wp\/v2\/categories?post=90"},{"taxonomy":"post_tag","embeddable":true,"href":"https:\/\/paveldopita.cz\/index.php\/wp-json\/wp\/v2\/tags?post=90"}],"curies":[{"name":"wp","href":"https:\/\/api.w.org\/{rel}","templated":true}]}}