{"id":96,"date":"2022-07-24T19:57:15","date_gmt":"2022-07-24T19:57:15","guid":{"rendered":"https:\/\/paveldopita.cz\/?p=96"},"modified":"2022-07-24T19:58:37","modified_gmt":"2022-07-24T19:58:37","slug":"komunalni-volby-budou-i-o-vlade","status":"publish","type":"post","link":"https:\/\/paveldopita.cz\/index.php\/2022\/07\/24\/komunalni-volby-budou-i-o-vlade\/","title":{"rendered":"Komun\u00e1ln\u00ed volby budou i o vl\u00e1d\u011b."},"content":{"rendered":"\n<p>Zat\u00edmco jin\u00e9 vl\u00e1dy, Ma\u010farska, ale i Rakouska a potaj\u00ed N\u011bmecka, se sna\u017e\u00ed v oblasti energi\u00ed dohodnout pro sv\u00e9 ob\u010dany co nejlep\u0161\u00ed podm\u00ednky, na\u0161e vl\u00e1da naopak vym\u00fd\u0161l\u00ed, jak co nejl\u00e9pe zav\u00e9st cenzuru. Pen\u00edze let\u00ed na Ukrajinu a v televizi apel, aby se na\u0161i lid\u00e9 skl\u00e1dali na ob\u011bdy pro na\u0161e d\u011bti. Na podzim jsou komun\u00e1ln\u00ed volby. Jist\u011b, nemaj\u00ed p\u0159\u00edm\u00fd dopad na vl\u00e1dn\u00ed politiku, ale mohou b\u00fdt takov\u00fdm referendem, kter\u00e9 jim nazna\u010d\u00ed, kam asi brzy p\u016fjdou. I kdy\u017e, pokud se pod\u00edv\u00e1m, jak\u00e9 m\u00e1me z\u00e1soby plynu, ale i potravin, mo\u017en\u00e1 to ani do podzimu trvat nebude. Ten Ronald Reagan tam opravdu sed\u00ed jak zadek na hrnec. A jo, bl\u00ed\u017e\u00ed se volby, tak u\u017e tr\u00e9nuji. I kdy\u017e j\u00e1 jsem v tom neust\u00e1le <img loading=\"lazy\" height=\"16\" width=\"16\" alt=\"\ud83d\ude03\" src=\"https:\/\/static.xx.fbcdn.net\/images\/emoji.php\/v9\/taa\/1.5\/16\/1f603.png\"> .<\/p>\n\n\n\n<figure class=\"wp-block-image\"><img src=\"https:\/\/scontent-prg1-1.xx.fbcdn.net\/v\/t39.30808-6\/278860930_5169673616425845_7708437211557746033_n.jpg?_nc_cat=104&amp;ccb=1-7&amp;_nc_sid=730e14&amp;_nc_ohc=SiN98vx1XIsAX_Ylxz7&amp;_nc_ht=scontent-prg1-1.xx&amp;oh=00_AT9NGd5mfoT2w5zkQaPLIKVXJxBfHpZsq6yLt3yjPmWOvA&amp;oe=62E1D34D\" alt=\"M\u016f\u017ee j\u00edt o obr\u00e1zek 1 osob\u011b , standing a text that says 'PODZIMN\u00cd KOMUN\u00c1LN\u00cd VOLBY NEBUDOU POUZE 0 OBC\u00cdCH, BUDOU I REFERENDEM OVL\u00c1DE! Ronald Reagan: \u201ePovinnost\u00ed vl\u00e1dy je chr\u00e1nit lidi, ne ridit jejich \u017eivoty.&quot; DOPITA PROSTEJOV PAVEL SPD CENZURA JE PRVN\u00cd SESTROU DIKTATURY, KE KTER\u00c9 SE UCHYLUJE POUZE SLAB\u00c1 VL\u00c1DA BEZ PODPORY OB\u010cAN\u1ee6.'\"\/><\/figure>\n","protected":false},"excerpt":{"rendered":"<p>Zat\u00edmco jin\u00e9 vl\u00e1dy, Ma\u010farska, ale i Rakouska a potaj\u00ed N\u011bmecka, se sna\u017e\u00ed v oblasti energi\u00ed dohodnout pro sv\u00e9 ob\u010dany co&hellip; <a class=\"read-more\" href=\"https:\/\/paveldopita.cz\/index.php\/2022\/07\/24\/komunalni-volby-budou-i-o-vlade\/\">Pokra\u010dovat ve \u010dten\u00ed<\/a><\/p>\n","protected":false},"author":1,"featured_media":98,"comment_status":"closed","ping_status":"","sticky":false,"template":"","format":"standard","meta":[],"categories":[1],"tags":[],"_links":{"self":[{"href":"https:\/\/paveldopita.cz\/index.php\/wp-json\/wp\/v2\/posts\/96"}],"collection":[{"href":"https:\/\/paveldopita.cz\/index.php\/wp-json\/wp\/v2\/posts"}],"about":[{"href":"https:\/\/paveldopita.cz\/index.php\/wp-json\/wp\/v2\/types\/post"}],"author":[{"embeddable":true,"href":"https:\/\/paveldopita.cz\/index.php\/wp-json\/wp\/v2\/users\/1"}],"replies":[{"embeddable":true,"href":"https:\/\/paveldopita.cz\/index.php\/wp-json\/wp\/v2\/comments?post=96"}],"version-history":[{"count":1,"href":"https:\/\/paveldopita.cz\/index.php\/wp-json\/wp\/v2\/posts\/96\/revisions"}],"predecessor-version":[{"id":97,"href":"https:\/\/paveldopita.cz\/index.php\/wp-json\/wp\/v2\/posts\/96\/revisions\/97"}],"wp:featuredmedia":[{"embeddable":true,"href":"https:\/\/paveldopita.cz\/index.php\/wp-json\/wp\/v2\/media\/98"}],"wp:attachment":[{"href":"https:\/\/paveldopita.cz\/index.php\/wp-json\/wp\/v2\/media?parent=96"}],"wp:term":[{"taxonomy":"category","embeddable":true,"href":"https:\/\/paveldopita.cz\/index.php\/wp-json\/wp\/v2\/categories?post=96"},{"taxonomy":"post_tag","embeddable":true,"href":"https:\/\/paveldopita.cz\/index.php\/wp-json\/wp\/v2\/tags?post=96"}],"curies":[{"name":"wp","href":"https:\/\/api.w.org\/{rel}","templated":true}]}}