{"id":99,"date":"2022-07-24T19:59:24","date_gmt":"2022-07-24T19:59:24","guid":{"rendered":"https:\/\/paveldopita.cz\/?p=99"},"modified":"2022-07-24T20:00:18","modified_gmt":"2022-07-24T20:00:18","slug":"mestsky-ples","status":"publish","type":"post","link":"https:\/\/paveldopita.cz\/index.php\/2022\/07\/24\/mestsky-ples\/","title":{"rendered":"M\u011bstsk\u00fd ples"},"content":{"rendered":"\n<p>P\u00e1r fotek ze v\u010derej\u0161\u00edho m\u011bstsk\u00e9ho plesu z m\u00e9ho mobilu. Budou je\u0161t\u011b dal\u0161\u00ed, jeliko\u017e jsme parket skoro neopustili a fotograf\u016f r\u016fzn\u00fdch prost\u011bjovsk\u00fdch m\u00e9di\u00ed tam bylo v\u00edce ne\u017e dost <img loading=\"lazy\" height=\"16\" width=\"16\" alt=\"\ud83d\ude09\" src=\"https:\/\/static.xx.fbcdn.net\/images\/emoji.php\/v9\/tb0\/1.5\/16\/1f609.png\">. \u0158ekl bych to tak, \u017ee SPD boduje nejenom v zastupitelsk\u00fdch lavic\u00edch. P\u0159i v\u010derej\u0161\u00edm z\u00e1vod\u011b, kdy\u017e n\u011bkte\u0159\u00ed vid\u011bli, \u017ee m\u00e1m n\u00e1ramek &#8222;VOL\u00cdM SPD&#8220;, se hrd\u011b hl\u00e1sili slovy, &#8222;j\u00e1 jsem je volil\/volila.&#8220; V\u010dera ve\u010der pak n\u011bkte\u0159\u00ed m\u016fj odzn\u00e1\u010dek SPD doslova le\u0161tili <img loading=\"lazy\" height=\"16\" width=\"16\" alt=\"\ud83d\ude03\" src=\"https:\/\/static.xx.fbcdn.net\/images\/emoji.php\/v9\/taa\/1.5\/16\/1f603.png\"> . St\u00e1v\u00e1me se posledn\u00ed nad\u011bj\u00ed na pokra\u010dov\u00e1n\u00ed norm\u00e1ln\u00edho \u017eivota, kdy je pro n\u00e1s d\u016fle\u017eit\u00fd v prvn\u00ed \u0159ad\u011b n\u00e1\u0161 ob\u010dan, a teprve pot\u00e9 se m\u016f\u017eeme porozhl\u00e9dnout, kde pomoci jinde. Co \u0159\u00edct k samotn\u00e9mu plesu? Zapla\u0165 B\u016fh, \u017ee alespo\u0148 v t\u00e9to rovin\u011b se sv\u011bt vr\u00e1til do norm\u00e1lu, lidi se bavili, a na chv\u00edli zapomn\u011bli na b\u011b\u017en\u00e9 starosti. Byl to ve\u010der pln\u00fd p\u0159\u00edjemn\u00fdch setk\u00e1n\u00ed <img loading=\"lazy\" height=\"16\" width=\"16\" alt=\"\u2764\" src=\"https:\/\/static.xx.fbcdn.net\/images\/emoji.php\/v9\/tf3\/1.5\/16\/2764.png\"> .<\/p>\n\n\n\n<figure class=\"wp-block-image\"><img src=\"https:\/\/scontent-prg1-1.xx.fbcdn.net\/v\/t39.30808-6\/278907628_5181999228526617_8021694150256395465_n.jpg?_nc_cat=101&amp;ccb=1-7&amp;_nc_sid=730e14&amp;_nc_ohc=3rlJ-tdtNzAAX8o_-Sx&amp;_nc_ht=scontent-prg1-1.xx&amp;oh=00_AT9n34ht0lap10-p--Na16L7GTn1OVnSHqwK-lIobAu4zQ&amp;oe=62E27D80\" alt=\"M\u016f\u017ee j\u00edt o obr\u00e1zek 8 lidem , stoj\u00edc\u00edm lidem a indoor\"\/><\/figure>\n","protected":false},"excerpt":{"rendered":"<p>P\u00e1r fotek ze v\u010derej\u0161\u00edho m\u011bstsk\u00e9ho plesu z m\u00e9ho mobilu. Budou je\u0161t\u011b dal\u0161\u00ed, jeliko\u017e jsme parket skoro neopustili a fotograf\u016f r\u016fzn\u00fdch&hellip; <a class=\"read-more\" href=\"https:\/\/paveldopita.cz\/index.php\/2022\/07\/24\/mestsky-ples\/\">Pokra\u010dovat ve \u010dten\u00ed<\/a><\/p>\n","protected":false},"author":1,"featured_media":101,"comment_status":"closed","ping_status":"","sticky":false,"template":"","format":"standard","meta":[],"categories":[1],"tags":[],"_links":{"self":[{"href":"https:\/\/paveldopita.cz\/index.php\/wp-json\/wp\/v2\/posts\/99"}],"collection":[{"href":"https:\/\/paveldopita.cz\/index.php\/wp-json\/wp\/v2\/posts"}],"about":[{"href":"https:\/\/paveldopita.cz\/index.php\/wp-json\/wp\/v2\/types\/post"}],"author":[{"embeddable":true,"href":"https:\/\/paveldopita.cz\/index.php\/wp-json\/wp\/v2\/users\/1"}],"replies":[{"embeddable":true,"href":"https:\/\/paveldopita.cz\/index.php\/wp-json\/wp\/v2\/comments?post=99"}],"version-history":[{"count":1,"href":"https:\/\/paveldopita.cz\/index.php\/wp-json\/wp\/v2\/posts\/99\/revisions"}],"predecessor-version":[{"id":100,"href":"https:\/\/paveldopita.cz\/index.php\/wp-json\/wp\/v2\/posts\/99\/revisions\/100"}],"wp:featuredmedia":[{"embeddable":true,"href":"https:\/\/paveldopita.cz\/index.php\/wp-json\/wp\/v2\/media\/101"}],"wp:attachment":[{"href":"https:\/\/paveldopita.cz\/index.php\/wp-json\/wp\/v2\/media?parent=99"}],"wp:term":[{"taxonomy":"category","embeddable":true,"href":"https:\/\/paveldopita.cz\/index.php\/wp-json\/wp\/v2\/categories?post=99"},{"taxonomy":"post_tag","embeddable":true,"href":"https:\/\/paveldopita.cz\/index.php\/wp-json\/wp\/v2\/tags?post=99"}],"curies":[{"name":"wp","href":"https:\/\/api.w.org\/{rel}","templated":true}]}}